{"id":558,"count":1,"description":"","link":"https:\/\/www.cesar.org.br\/painel\/tag\/premio-recife-de-inovacao\/","name":"Pr\u00eamio Recife de Inova\u00e7\u00e3o","slug":"premio-recife-de-inovacao","taxonomy":"post_tag","meta":[],"_links":{"self":[{"href":"https:\/\/www.cesar.org.br\/painel\/wp-json\/wp\/v2\/tags\/558","targetHints":{"allow":["GET"]}}],"collection":[{"href":"https:\/\/www.cesar.org.br\/painel\/wp-json\/wp\/v2\/tags"}],"about":[{"href":"https:\/\/www.cesar.org.br\/painel\/wp-json\/wp\/v2\/taxonomies\/post_tag"}],"wp:post_type":[{"href":"https:\/\/www.cesar.org.br\/painel\/wp-json\/wp\/v2\/posts?tags=558"},{"href":"https:\/\/www.cesar.org.br\/painel\/wp-json\/wp\/v2\/case?tags=558"},{"href":"https:\/\/www.cesar.org.br\/painel\/wp-json\/wp\/v2\/case_en?tags=558"},{"href":"https:\/\/www.cesar.org.br\/painel\/wp-json\/wp\/v2\/insight?tags=558"},{"href":"https:\/\/www.cesar.org.br\/painel\/wp-json\/wp\/v2\/material?tags=558"},{"href":"https:\/\/www.cesar.org.br\/painel\/wp-json\/wp\/v2\/post_en?tags=558"}],"curies":[{"name":"wp","href":"https:\/\/api.w.org\/{rel}","templated":true}]}}