{"id":6529,"date":"2026-04-22T17:44:36","date_gmt":"2026-04-22T20:44:36","guid":{"rendered":"https:\/\/www.cesar.org.br\/painel\/?p=6529"},"modified":"2026-04-22T17:49:51","modified_gmt":"2026-04-22T20:49:51","slug":"cesar-e-banco-do-brasil-debatem-o-futuro-da-seguranca-digital-na-era-quantica-em-evento-inedito-em-brasilia","status":"publish","type":"post","link":"https:\/\/www.cesar.org.br\/painel\/cesar-e-banco-do-brasil-debatem-o-futuro-da-seguranca-digital-na-era-quantica-em-evento-inedito-em-brasilia\/","title":{"rendered":"CESAR e Banco do Brasil debatem o futuro da seguran\u00e7a digital na era qu\u00e2ntica em evento in\u00e9dito em Bras\u00edlia"},"content":{"rendered":"<p><span style=\"font-weight: 400;\">O avan\u00e7o da computa\u00e7\u00e3o qu\u00e2ntica est\u00e1 redefinindo rapidamente os paradigmas da seguran\u00e7a digital global, e para debater os desafios e as oportunidades desse novo cen\u00e1rio, o CESAR, mais completo centro de inova\u00e7\u00e3o e conhecimento do Brasil, em parceria com o Banco do Brasil, promove no dia 23 de abril o evento\u00a0<\/span><b>&#8220;Defesa Cibern\u00e9tica na Era Qu\u00e2ntica: Estrat\u00e9gia, Resili\u00eancia e Futuro&#8221;<\/b><span style=\"font-weight: 400;\">. O encontro, que acontece no <\/span><b>Espa\u00e7o Co.labbs BB<\/b><span style=\"font-weight: 400;\">, em Bras\u00edlia, em formato h\u00edbrido, marca o lan\u00e7amento do\u00a0<\/span><i><span style=\"font-weight: 400;\">co.labbs series<\/span><\/i><span style=\"font-weight: 400;\">\u00a0e celebra o M\u00eas Mundial Qu\u00e2ntico.<\/span><\/p>\n<p><span style=\"font-weight: 400;\">Direcionado a um p\u00fablico estrat\u00e9gico B2B, incluindo representantes de institui\u00e7\u00f5es financeiras, Pol\u00edcia Federal, Ag\u00eancia Brasileira de Intelig\u00eancia (ABIN) e Gabinete de Seguran\u00e7a Institucional (GSI), o evento prop\u00f5e uma reflex\u00e3o profunda sobre como as organiza\u00e7\u00f5es podem se antecipar \u00e0s transforma\u00e7\u00f5es tecnol\u00f3gicas. A transi\u00e7\u00e3o para a era da criptografia p\u00f3s-qu\u00e2ntica exige preparo imediato para garantir a resili\u00eancia de infraestruturas cr\u00edticas diante de amea\u00e7as cada vez mais sofisticadas.<\/span><\/p>\n<p><strong>\ud83d\udd17Leia tamb\u00e9m:<\/strong> CESAR \u00e9 patrocinador do Febraban SEC 2026 e refor\u00e7a atua\u00e7\u00e3o em ciberseguran\u00e7a e setor financeiro<\/p>\n<p><span style=\"font-weight: 400;\">\u201cA transi\u00e7\u00e3o para a era p\u00f3s-qu\u00e2ntica n\u00e3o \u00e9 apenas um desafio tecnol\u00f3gico, mas uma quest\u00e3o cr\u00edtica de continuidade de neg\u00f3cios e soberania para as organiza\u00e7\u00f5es. O desenvolvimento de computadores qu\u00e2nticos capazes de quebrar a criptografia atual exige que comecemos a agir hoje\u201d, destaca <\/span><b>Georgia Barbosa, Gerente Executiva do CISSA<\/b><span style=\"font-weight: 400;\">. \u201cA parceria com o Banco do Brasil na cria\u00e7\u00e3o do co.labbs series reflete exatamente a nossa miss\u00e3o: antecipar cen\u00e1rios de risco, gerar conhecimento de fronteira e unir os setores p\u00fablico e privado para construir uma infraestrutura digital resiliente e segura para o futuro do pa\u00eds\u201d, completa.<\/span><\/p>\n<p><span style=\"font-weight: 400;\">\u201cA converg\u00eancia entre computa\u00e7\u00e3o qu\u00e2ntica e ciberseguran\u00e7a redefine o patamar de complexidade dos riscos digitais. Como uma institui\u00e7\u00e3o com papel sist\u00eamico, o Banco do Brasil tem a responsabilidade de liderar esse debate e estimular a colabora\u00e7\u00e3o entre mercado, governo e academia. Participar dessa agenda com o CESAR refor\u00e7a nosso compromisso com a antecipa\u00e7\u00e3o de riscos e com a constru\u00e7\u00e3o coletiva de ecossistemas mais resilientes e seguros\u201d, afirma<\/span><b> Ismael Grandi, gerente executivo do Banco do Brasil<\/b><span style=\"font-weight: 400;\">.<\/span><\/p>\n<p><span style=\"font-weight: 400;\">A programa\u00e7\u00e3o da manh\u00e3 contar\u00e1 com um painel aberto ao p\u00fablico (com capacidade para at\u00e9 180 pessoas), reunindo grandes nomes do setor. Pelo CESAR, participam Fabio Maia, Coordenador T\u00e9cnico e Chief Researcher do <a href=\"https:\/\/www.cesar.org.br\/ciberseguranca\">CISSA (Centro de Compet\u00eancia Embrapii em Seguran\u00e7a Cibern\u00e9tica operado pelo CESAR)<\/a>, e Everton Dias, Gerente de Projetos e pesquisador em Computa\u00e7\u00e3o Qu\u00e2ntica. Representando o Banco do Brasil, estar\u00e3o Ana Claudia Ramos, Especialista em Cyber Seguran\u00e7a e Privacidade, e Gustavo Botelho, AI\/Analytics &amp; Quantum Principal Engineer.<\/span><\/p>\n<p><span style=\"font-weight: 400;\">No per\u00edodo da tarde, a agenda reserva um workshop exclusivo para convidados (limitado a 30 participantes) com o tema\u00a0<\/span><i><span style=\"font-weight: 400;\">&#8220;O Caminho da Amea\u00e7a: Rastreabilidade e Explicabilidade na Ciberseguran\u00e7a&#8221;<\/span><\/i><span style=\"font-weight: 400;\">. Conduzido por Milton Lima, Pesquisador L\u00edder de Cyber Threat Intelligence (CTI) do CISSA\/CESAR, e Wellison Santos, Pesquisador do CISSA\/CESAR, o treinamento pr\u00e1tico mergulhar\u00e1 na ci\u00eancia de &#8220;ligar os pontos&#8221;.<\/span><\/p>\n<p><span style=\"font-weight: 400;\">Os especialistas demonstrar\u00e3o como reconstruir a jornada exata de uma amea\u00e7a em redes complexas, transformando os logs fragmentados em mapas visuais de causa e efeito. A proposta \u00e9 ir al\u00e9m da simples detec\u00e7\u00e3o, explorando como encontrar padr\u00f5es ocultos em comportamentos an\u00f4malos sem depender de regras pr\u00e9-definidas \u2014 um conhecimento vital para identificar invasores que se comportam como usu\u00e1rios leg\u00edtimos.<\/span><\/p>\n<p><span style=\"font-weight: 400;\">A iniciativa refor\u00e7a o papel do CESAR como articulador de ecossistemas de inova\u00e7\u00e3o, unindo a expertise do CISSA na prote\u00e7\u00e3o de dados e infraestruturas cr\u00edticas \u00e0 solidez do Banco do Brasil no setor financeiro, fomentando discuss\u00f5es que preparam o mercado nacional para os desafios da pr\u00f3xima d\u00e9cada.<\/span><\/p>\n","protected":false},"excerpt":{"rendered":"<p>O avan\u00e7o da computa\u00e7\u00e3o qu\u00e2ntica est\u00e1 redefinindo rapidamente os paradigmas da seguran\u00e7a digital global, e para debater os desafios e as oportunidades desse novo cen\u00e1rio, o CESAR, mais completo centro de inova\u00e7\u00e3o e conhecimento do Brasil, em parceria com o Banco do Brasil, promove no dia 23 de abril o evento\u00a0&#8220;Defesa Cibern\u00e9tica na Era Qu\u00e2ntica: [&hellip;]<\/p>\n","protected":false},"author":15,"featured_media":6533,"comment_status":"open","ping_status":"open","sticky":false,"template":"","format":"standard","meta":{"_acf_changed":false,"inline_featured_image":false,"footnotes":""},"categories":[592],"tags":[650,649,606,648],"formato_noticias":[30],"class_list":["post-6529","post","type-post","status-publish","format-standard","has-post-thumbnail","hentry","category-financeiro","tag-banco-do-brasil","tag-era-quantica","tag-evento","tag-seguranca-digital","formato_noticias-noticias-cesar"],"acf":[],"_links":{"self":[{"href":"https:\/\/www.cesar.org.br\/painel\/wp-json\/wp\/v2\/posts\/6529","targetHints":{"allow":["GET"]}}],"collection":[{"href":"https:\/\/www.cesar.org.br\/painel\/wp-json\/wp\/v2\/posts"}],"about":[{"href":"https:\/\/www.cesar.org.br\/painel\/wp-json\/wp\/v2\/types\/post"}],"author":[{"embeddable":true,"href":"https:\/\/www.cesar.org.br\/painel\/wp-json\/wp\/v2\/users\/15"}],"replies":[{"embeddable":true,"href":"https:\/\/www.cesar.org.br\/painel\/wp-json\/wp\/v2\/comments?post=6529"}],"version-history":[{"count":2,"href":"https:\/\/www.cesar.org.br\/painel\/wp-json\/wp\/v2\/posts\/6529\/revisions"}],"predecessor-version":[{"id":6531,"href":"https:\/\/www.cesar.org.br\/painel\/wp-json\/wp\/v2\/posts\/6529\/revisions\/6531"}],"wp:featuredmedia":[{"embeddable":true,"href":"https:\/\/www.cesar.org.br\/painel\/wp-json\/wp\/v2\/media\/6533"}],"wp:attachment":[{"href":"https:\/\/www.cesar.org.br\/painel\/wp-json\/wp\/v2\/media?parent=6529"}],"wp:term":[{"taxonomy":"category","embeddable":true,"href":"https:\/\/www.cesar.org.br\/painel\/wp-json\/wp\/v2\/categories?post=6529"},{"taxonomy":"post_tag","embeddable":true,"href":"https:\/\/www.cesar.org.br\/painel\/wp-json\/wp\/v2\/tags?post=6529"},{"taxonomy":"formato_noticias","embeddable":true,"href":"https:\/\/www.cesar.org.br\/painel\/wp-json\/wp\/v2\/formato_noticias?post=6529"}],"curies":[{"name":"wp","href":"https:\/\/api.w.org\/{rel}","templated":true}]}}