{"id":5972,"date":"2026-01-23T15:04:09","date_gmt":"2026-01-23T18:04:09","guid":{"rendered":"https:\/\/www.cesar.org.br\/painel\/?p=5972"},"modified":"2026-03-25T10:30:14","modified_gmt":"2026-03-25T13:30:14","slug":"cesar-e-the-shift-ciberseguranca","status":"publish","type":"post","link":"https:\/\/www.cesar.org.br\/painel\/cesar-e-the-shift-ciberseguranca\/","title":{"rendered":"CESAR e The Shift se unem em s\u00e9rie de conte\u00fados sobre ciberseguran\u00e7a"},"content":{"rendered":"<p><span style=\"font-weight: 400;\">O avan\u00e7o acelerado da intelig\u00eancia artificial, a escassez global de talentos especializados e as perspectivas trazidas pela computa\u00e7\u00e3o qu\u00e2ntica criaram uma combina\u00e7\u00e3o in\u00e9dita de riscos, incertezas e decis\u00f5es estrat\u00e9gicas para o campo da ciberseguran\u00e7a. Uma verdadeira <\/span><b><i>tempestade perfeita<\/i><\/b><span style=\"font-weight: 400;\"> que pressiona organiza\u00e7\u00f5es, governos e lideran\u00e7as a repensarem, com urg\u00eancia, suas estrat\u00e9gias de prote\u00e7\u00e3o digital.<\/span><\/p>\n<p><span style=\"font-weight: 400;\">\u00c9 nesse contexto que o <a href=\"https:\/\/www.cesar.org.br\/ciberseguranca\">CISSA, centro de compet\u00eancia Embrapii em Seguran\u00e7a Cibern\u00e9tica operado pelo CESAR<\/a>, se une ao The Shift, plataforma independente de conte\u00fado especializada em tecnologia e neg\u00f3cios, para aprofundar os debates sobre o tema em 2026.<\/span><\/p>\n<p><span style=\"font-weight: 400;\">Nesta semana, a parceria foi oficialmente iniciada com o lan\u00e7amento da primeira edi\u00e7\u00e3o de uma newsletter sobre ciberseguran\u00e7a patrocinada pelo centro de inova\u00e7\u00e3o. No conte\u00fado de estreia, <\/span><a href=\"https:\/\/theshift.info\/hot\/a-ciberseguranca-em-clima-de-tempestade-perfeita\/\"><span style=\"font-weight: 400;\">Silvia Bassi entrevista F\u00e1bio Maia<\/span><\/a><span style=\"font-weight: 400;\">, l\u00edder de Engenharia de Sistemas do CESAR e pesquisador-chefe do CISSA. Eles mapeiam e analisam os fatores que comp\u00f5em essa \u201ctempestade perfeita\u201d da ciberseguran\u00e7a e os dilemas que passam a ocupar o centro das decis\u00f5es estrat\u00e9gicas organizacionais: como inovar sem ampliar riscos, como lidar com amea\u00e7as cada vez mais sofisticadas e como construir soberania tecnol\u00f3gica em um cen\u00e1rio de depend\u00eancias globais. A conversa tamb\u00e9m conecta temas como gest\u00e3o de riscos digitais, inova\u00e7\u00e3o tecnol\u00f3gica, pesquisa aplicada e o papel da ciberseguran\u00e7a como eixo estruturante para a competitividade e a resili\u00eancia das organiza\u00e7\u00f5es.<\/span><\/p>\n<p><span style=\"font-weight: 400;\">A parceria entre o CESAR e The Shift prev\u00ea o disparo de newsletters quinzenais ao longo do ano, entrevistas com especialistas e webinars, entre outros conte\u00fados, ampliando o acesso a an\u00e1lises qualificadas e aprofundadas sobre ciberseguran\u00e7a, inova\u00e7\u00e3o e risco digital. Para acompanhar os pr\u00f3ximos conte\u00fados, <\/span><a href=\"https:\/\/theshift.info\/newsletters-the-shift\/\"><span style=\"font-weight: 400;\">assine a newsletter do The Shift<\/span><\/a><span style=\"font-weight: 400;\"> e acompanhe os canais do CESAR.<\/span><\/p>\n<h2><b>Ciberseguran\u00e7a e IA no centro das preocupa\u00e7\u00f5es globais<\/b><\/h2>\n<p><a href=\"https:\/\/itforum.com.br\/noticias\/ciberseguranca-transicao-criptografia-pos-quantica\/\"><span style=\"font-weight: 400;\">Pelo quinto ano consecutivo, a ciberseguran\u00e7a permaneceu como a principal preocupa\u00e7\u00e3o em rela\u00e7\u00e3o a riscos entre l\u00edderes corporativos.<\/span><\/a><span style=\"font-weight: 400;\"> Ao mesmo tempo, a intelig\u00eancia artificial saltou do 10\u00ba para o 2\u00ba lugar no ranking de riscos, evidenciando o interesse crescente das organiza\u00e7\u00f5es em:<\/span><\/p>\n<ul>\n<li style=\"font-weight: 400;\" aria-level=\"1\"><span style=\"font-weight: 400;\">aumentar produtividade,<\/span><\/li>\n<li style=\"font-weight: 400;\" aria-level=\"1\"><span style=\"font-weight: 400;\">adotar novas tecnologias,<\/span><\/li>\n<li style=\"font-weight: 400;\" aria-level=\"1\"><span style=\"font-weight: 400;\">e lidar com desafios in\u00e9ditos de seguran\u00e7a digital.<\/span><\/li>\n<\/ul>\n<h3><span style=\"font-weight: 400;\">Esse cen\u00e1rio refor\u00e7a a urg\u00eancia de tratar a ciberseguran\u00e7a como um tema estrat\u00e9gico para neg\u00f3cios e governos. <\/span><b>Saiba mais sobre como o CISSA pode apoiar organiza\u00e7\u00f5es na constru\u00e7\u00e3o de estrat\u00e9gias avan\u00e7adas de seguran\u00e7a digital <\/b><a href=\"https:\/\/www.cesar.org.br\/ciberseguranca\"><b>neste link.<\/b><\/a><\/h3>\n","protected":false},"excerpt":{"rendered":"<p>O avan\u00e7o acelerado da intelig\u00eancia artificial, a escassez global de talentos especializados e as perspectivas trazidas pela computa\u00e7\u00e3o qu\u00e2ntica criaram uma combina\u00e7\u00e3o in\u00e9dita de riscos, incertezas e decis\u00f5es estrat\u00e9gicas para o campo da ciberseguran\u00e7a. Uma verdadeira tempestade perfeita que pressiona organiza\u00e7\u00f5es, governos e lideran\u00e7as a repensarem, com urg\u00eancia, suas estrat\u00e9gias de prote\u00e7\u00e3o digital. \u00c9 nesse [&hellip;]<\/p>\n","protected":false},"author":15,"featured_media":5976,"comment_status":"open","ping_status":"open","sticky":false,"template":"","format":"standard","meta":{"_acf_changed":false,"inline_featured_image":false,"footnotes":""},"categories":[592],"tags":[70,583],"formato_noticias":[30],"class_list":["post-5972","post","type-post","status-publish","format-standard","has-post-thumbnail","hentry","category-financeiro","tag-ciberseguranca","tag-the-shift","formato_noticias-noticias-cesar"],"acf":[],"_links":{"self":[{"href":"https:\/\/www.cesar.org.br\/painel\/wp-json\/wp\/v2\/posts\/5972","targetHints":{"allow":["GET"]}}],"collection":[{"href":"https:\/\/www.cesar.org.br\/painel\/wp-json\/wp\/v2\/posts"}],"about":[{"href":"https:\/\/www.cesar.org.br\/painel\/wp-json\/wp\/v2\/types\/post"}],"author":[{"embeddable":true,"href":"https:\/\/www.cesar.org.br\/painel\/wp-json\/wp\/v2\/users\/15"}],"replies":[{"embeddable":true,"href":"https:\/\/www.cesar.org.br\/painel\/wp-json\/wp\/v2\/comments?post=5972"}],"version-history":[{"count":4,"href":"https:\/\/www.cesar.org.br\/painel\/wp-json\/wp\/v2\/posts\/5972\/revisions"}],"predecessor-version":[{"id":5977,"href":"https:\/\/www.cesar.org.br\/painel\/wp-json\/wp\/v2\/posts\/5972\/revisions\/5977"}],"wp:featuredmedia":[{"embeddable":true,"href":"https:\/\/www.cesar.org.br\/painel\/wp-json\/wp\/v2\/media\/5976"}],"wp:attachment":[{"href":"https:\/\/www.cesar.org.br\/painel\/wp-json\/wp\/v2\/media?parent=5972"}],"wp:term":[{"taxonomy":"category","embeddable":true,"href":"https:\/\/www.cesar.org.br\/painel\/wp-json\/wp\/v2\/categories?post=5972"},{"taxonomy":"post_tag","embeddable":true,"href":"https:\/\/www.cesar.org.br\/painel\/wp-json\/wp\/v2\/tags?post=5972"},{"taxonomy":"formato_noticias","embeddable":true,"href":"https:\/\/www.cesar.org.br\/painel\/wp-json\/wp\/v2\/formato_noticias?post=5972"}],"curies":[{"name":"wp","href":"https:\/\/api.w.org\/{rel}","templated":true}]}}