{"id":5946,"date":"2026-01-15T14:09:22","date_gmt":"2026-01-15T17:09:22","guid":{"rendered":"https:\/\/www.cesar.org.br\/painel\/?p=5946"},"modified":"2026-01-15T14:10:17","modified_gmt":"2026-01-15T17:10:17","slug":"projeto-fundacao-digital-abre-vagas-em-formacao-gratuita-em-tecnologia-no-maranhao","status":"publish","type":"post","link":"https:\/\/www.cesar.org.br\/painel\/projeto-fundacao-digital-abre-vagas-em-formacao-gratuita-em-tecnologia-no-maranhao\/","title":{"rendered":"Projeto Funda\u00e7\u00e3o Digital abre vagas para forma\u00e7\u00e3o gratuita em tecnologia no Maranh\u00e3o"},"content":{"rendered":"<p><span style=\"font-weight: 400;\">O CESAR, mais completo centro de inova\u00e7\u00e3o e conhecimento do Brasil, inicia uma parceria com a <a href=\"https:\/\/fmrb.ma.gov.br\/\">Funda\u00e7\u00e3o da Mem\u00f3ria Republicana Brasileira (FMRB)<\/a> para executar o Projeto Funda\u00e7\u00e3o Digital, iniciativa que oferece forma\u00e7\u00e3o gratuita em tecnologia e dados, al\u00e9m de bolsa-aux\u00edlio, preparando jovens do Maranh\u00e3o para o mercado de trabalho.<\/span><\/p>\n<p><span style=\"font-weight: 400;\">O programa tem como objetivo selecionar e capacitar jovens maranhenses nas \u00e1reas de tecnologia e dados, com forma\u00e7\u00e3o de excel\u00eancia e apoio financeiro aos participantes selecionados. As inscri\u00e7\u00f5es seguem abertas at\u00e9 23 de janeiro. <\/span><a href=\"https:\/\/www.cesar.school\/curso-de-extensao\/projeto-fundacao-digital\/\"><span style=\"font-weight: 400;\">Acesse aqui.<\/span><\/a><\/p>\n<h3><b>Por que o Projeto Funda\u00e7\u00e3o Digital \u00e9 importante?<\/b><\/h3>\n<p><span style=\"font-weight: 400;\">Com o mercado de tecnologia em constante crescimento e a alta demanda por profissionais qualificados, o projeto surge como uma ponte entre o potencial da juventude local e as oportunidades da economia digital.<\/span><\/p>\n<p><span style=\"font-weight: 400;\">O curso foi estruturado para desenvolver:<\/span><\/p>\n<ul>\n<li style=\"font-weight: 400;\" aria-level=\"1\"><span style=\"font-weight: 400;\">Compet\u00eancias t\u00e9cnicas em tecnologia e dados<\/span><\/li>\n<li style=\"font-weight: 400;\" aria-level=\"1\"><span style=\"font-weight: 400;\">Habilidades socioemocionais (soft skills), fundamentais para a empregabilidade<\/span><\/li>\n<li style=\"font-weight: 400;\" aria-level=\"1\"><span style=\"font-weight: 400;\">Prepara\u00e7\u00e3o pr\u00e1tica alinhada \u00e0s demandas do mercado de trabalho<\/span><\/li>\n<\/ul>\n<p><span style=\"font-weight: 400;\">Essa combina\u00e7\u00e3o aumenta significativamente as chances de inser\u00e7\u00e3o profissional dos participantes ao final da forma\u00e7\u00e3o.<\/span><\/p>\n<h3><b>Parceria que une tradi\u00e7\u00e3o e inova\u00e7\u00e3o<\/b><\/h3>\n<p><span style=\"font-weight: 400;\">O Projeto Funda\u00e7\u00e3o Digital re\u00fane a atua\u00e7\u00e3o hist\u00f3rica da FMRB no Maranh\u00e3o com a expertise educacional do CESAR, <a href=\"https:\/\/www.cesar.org.br\/w\/aprendizagem-baseada-em-projetos-pbl-na-educacao-digital\">refer\u00eancia no uso de metodologia pr\u00e1tica, baseada em problemas reais do mercado.<\/a><\/span><\/p>\n<p><span class=\"x19la9d6 x1fc57z9 x6ikm8r x10wlt62 x19co3pv x11tp94h xfibh0p xiy17q3 x1xsqp64 x1lkfr7t xexx8yu xyri2b x18d9i69 x1c1uobl\"><span class=\"xrtxmta x1bhl96m\">\ud83d\udd17<\/span><\/span><strong>Leia tamb\u00e9m:<\/strong><a href=\"https:\/\/www.cesar.org.br\/w\/com-fast-e-projeto-estudantil-cesar-conquista-tres-premios-no-premio-brasileiro-de-design-2025\"> Com FAST e projeto estudantil, CESAR conquista tr\u00eas trof\u00e9us no Pr\u00eamio Brasileiro de Design 2025<\/a><\/p>\n<h3><b>Como funciona o processo seletivo?<\/b><\/h3>\n<p><span style=\"font-weight: 400;\">O processo seletivo do Projeto Funda\u00e7\u00e3o Digital acontece em tr\u00eas etapas:<\/span><\/p>\n<ol>\n<li style=\"font-weight: 400;\" aria-level=\"1\"><b>Formul\u00e1rio de inscri\u00e7\u00e3o online<\/b><\/li>\n<li style=\"font-weight: 400;\" aria-level=\"1\"><b>Teste de nivelamento t\u00e9cnico<\/b><\/li>\n<li style=\"font-weight: 400;\" aria-level=\"1\"><b>Matr\u00edcula dos selecionados<\/b><\/li>\n<\/ol>\n<p><span style=\"font-weight: 400;\">O programa busca jovens com interesse em tecnologia, disponibilidade para se dedicar \u00e0 forma\u00e7\u00e3o e vontade de construir uma carreira no setor.<\/span><\/p>\n<p><b>Bolsa-aux\u00edlio e apoio \u00e0 empregabilidade<\/b><\/p>\n<p><span style=\"font-weight: 400;\">Um dos principais diferenciais da iniciativa \u00e9 a bolsa-aux\u00edlio, que garante suporte financeiro durante a jornada de aprendizado, permitindo que os estudantes mantenham o foco na forma\u00e7\u00e3o. Al\u00e9m disso, o projeto tamb\u00e9m oferece apoio \u00e0 empregabilidade ao final do curso.<\/span><\/p>\n<h3><b>Inscri\u00e7\u00f5es abertas at\u00e9 23 de janeiro<\/b><\/h3>\n<p><span style=\"font-weight: 400;\">Os interessados devem realizar a inscri\u00e7\u00e3o exclusivamente online at\u00e9 23 de janeiro (quinta-feira). O edital completo, com informa\u00e7\u00f5es sobre idade, escolaridade e crit\u00e9rios de sele\u00e7\u00e3o, est\u00e1<\/span><a href=\"https:\/\/www.cesar.school\/curso-de-extensao\/projeto-fundacao-digital\/\"><span style=\"font-weight: 400;\"> dispon\u00edvel no site oficial.<\/span><\/a><\/p>\n<h3><span style=\"font-weight: 400;\">\ud83d\udc49 <\/span><b>Quer dar o primeiro passo para uma carreira em tecnologia?<\/b><span style=\"font-weight: 400;\"> Esta \u00e9 a oportunidade de acessar <\/span><b>forma\u00e7\u00e3o gratuita<\/b><span style=\"font-weight: 400;\">, apoio financeiro e conex\u00e3o com o mercado.<\/span><\/h3>\n<h3><b>Sobre a FMRB<\/b><\/h3>\n<p><span style=\"font-weight: 400;\">A Funda\u00e7\u00e3o da Mem\u00f3ria Republicana Brasileira (FMRB) \u00e9 uma institui\u00e7\u00e3o dedicada \u00e0 preserva\u00e7\u00e3o da hist\u00f3ria e \u00e0 promo\u00e7\u00e3o da cultura e da educa\u00e7\u00e3o no Maranh\u00e3o, desenvolvendo projetos que beneficiam a comunidade local e contribuem para o desenvolvimento do estado.<\/span><\/p>\n","protected":false},"excerpt":{"rendered":"<p>O CESAR, mais completo centro de inova\u00e7\u00e3o e conhecimento do Brasil, inicia uma parceria com a Funda\u00e7\u00e3o da Mem\u00f3ria Republicana Brasileira (FMRB) para executar o Projeto Funda\u00e7\u00e3o Digital, iniciativa que oferece forma\u00e7\u00e3o gratuita em tecnologia e dados, al\u00e9m de bolsa-aux\u00edlio, preparando jovens do Maranh\u00e3o para o mercado de trabalho. O programa tem como objetivo selecionar [&hellip;]<\/p>\n","protected":false},"author":15,"featured_media":5949,"comment_status":"open","ping_status":"open","sticky":false,"template":"","format":"standard","meta":{"_acf_changed":false,"inline_featured_image":false,"footnotes":""},"categories":[598],"tags":[576,573],"formato_noticias":[30],"class_list":["post-5946","post","type-post","status-publish","format-standard","has-post-thumbnail","hentry","category-mobilidade","tag-fmrb","tag-projeto-fundacao-digital","formato_noticias-noticias-cesar"],"acf":[],"_links":{"self":[{"href":"https:\/\/www.cesar.org.br\/painel\/wp-json\/wp\/v2\/posts\/5946","targetHints":{"allow":["GET"]}}],"collection":[{"href":"https:\/\/www.cesar.org.br\/painel\/wp-json\/wp\/v2\/posts"}],"about":[{"href":"https:\/\/www.cesar.org.br\/painel\/wp-json\/wp\/v2\/types\/post"}],"author":[{"embeddable":true,"href":"https:\/\/www.cesar.org.br\/painel\/wp-json\/wp\/v2\/users\/15"}],"replies":[{"embeddable":true,"href":"https:\/\/www.cesar.org.br\/painel\/wp-json\/wp\/v2\/comments?post=5946"}],"version-history":[{"count":4,"href":"https:\/\/www.cesar.org.br\/painel\/wp-json\/wp\/v2\/posts\/5946\/revisions"}],"predecessor-version":[{"id":5951,"href":"https:\/\/www.cesar.org.br\/painel\/wp-json\/wp\/v2\/posts\/5946\/revisions\/5951"}],"wp:featuredmedia":[{"embeddable":true,"href":"https:\/\/www.cesar.org.br\/painel\/wp-json\/wp\/v2\/media\/5949"}],"wp:attachment":[{"href":"https:\/\/www.cesar.org.br\/painel\/wp-json\/wp\/v2\/media?parent=5946"}],"wp:term":[{"taxonomy":"category","embeddable":true,"href":"https:\/\/www.cesar.org.br\/painel\/wp-json\/wp\/v2\/categories?post=5946"},{"taxonomy":"post_tag","embeddable":true,"href":"https:\/\/www.cesar.org.br\/painel\/wp-json\/wp\/v2\/tags?post=5946"},{"taxonomy":"formato_noticias","embeddable":true,"href":"https:\/\/www.cesar.org.br\/painel\/wp-json\/wp\/v2\/formato_noticias?post=5946"}],"curies":[{"name":"wp","href":"https:\/\/api.w.org\/{rel}","templated":true}]}}