{"id":5841,"date":"2025-12-15T23:15:49","date_gmt":"2025-12-16T02:15:49","guid":{"rendered":"https:\/\/www.cesar.org.br\/painel\/?p=5841"},"modified":"2025-12-16T11:23:01","modified_gmt":"2025-12-16T14:23:01","slug":"com-fast-e-projeto-estudantil-cesar-conquista-tres-premios-no-premio-brasileiro-de-design-2025","status":"publish","type":"post","link":"https:\/\/www.cesar.org.br\/painel\/com-fast-e-projeto-estudantil-cesar-conquista-tres-premios-no-premio-brasileiro-de-design-2025\/","title":{"rendered":"Com FAST e projeto estudantil, CESAR conquista tr\u00eas trof\u00e9us no Pr\u00eamio Brasileiro de Design 2025"},"content":{"rendered":"<p>O CESAR conquistou tr\u00eas premia\u00e7\u00f5es no Pr\u00eamio Brasileiro de Design 2025 com o <strong>Programa FAST<\/strong> e o projeto estudantil <strong>Homo Aquaticus<\/strong>. Os reconhecimentos foram anunciados durante cerim\u00f4nia realizada no dia 15 de dezembro, na Sala S\u00e3o Paulo, e evidenciam iniciativas que traduzem, na pr\u00e1tica, a capacidade da institui\u00e7\u00e3o de integrar design, tecnologia, inclus\u00e3o e impacto social, refor\u00e7ando seu posicionamento como o mais completo centro de inova\u00e7\u00e3o e conhecimento do Brasil.<\/p>\n<p>O <strong>Programa FAST<\/strong>, desenvolvido pelo CESAR em parceria com o Minist\u00e9rio da Ci\u00eancia, Tecnologia e Inova\u00e7\u00e3o (MCTI) e a Softex, foi consagrado como <strong>vencedor do Voto Popular e Bronze pelo j\u00fari\u00a0<\/strong><strong>na categoria Design de Impacto Social, subcategoria Inclus\u00e3o e Diversidade. <\/strong>Com alcance nacional, o programa premiado nasceu com o prop\u00f3sito de ampliar o acesso e promover equidade no setor de tecnologia, oferecendo forma\u00e7\u00e3o gratuita e online para estudantes, profissionais em transi\u00e7\u00e3o de carreira e rec\u00e9m-formados.<\/p>\n<p>Integrante do programa MCTI Futuro, o FAST adota um modelo de sele\u00e7\u00e3o inovador, baseado em um sistema de bonifica\u00e7\u00e3o que considera marcadores sociais como identidade de g\u00eanero, ra\u00e7a, defici\u00eancia e origem regional. A proposta promove um processo mais justo, diverso e representativo.\u00a0As aulas s\u00e3o 100% remotas ou h\u00edbridas e organizadas em cinco trilhas formativas \u2014 distribu\u00eddas entre Transi\u00e7\u00e3o de Carreira e Acelera\u00e7\u00e3o de Carreira \u2014 com microcertifica\u00e7\u00f5es intermedi\u00e1rias que ampliam as oportunidades de empregabilidade desde os primeiros m\u00f3dulos. At\u00e9 junho de 2025, o programa j\u00e1 havia recebido mais de 40 mil inscri\u00e7\u00f5es em todo o pa\u00eds.<\/p>\n<p>Os resultados evidenciam o impacto social em escala nacional: o FAST alcan\u00e7ou um p\u00fablico composto por 50,3% de mulheres, pessoas trans e n\u00e3o bin\u00e1rias; 67,1% de pessoas pretas e pardas; 47,9% LGBTQIAPN+; e 75,4% de pessoas de baixa renda, demonstrando como o design pode atuar como agente catalisador de transforma\u00e7\u00e3o social.<\/p>\n<p><strong>O segundo projeto conquistou Prata no PBD 2025: trata-se da Zine Experimental \u201cHomo Aquaticus\u201d<\/strong>, destaque na categoria Design Editorial e desenvolvido por Roberto Brito (Bob), rec\u00e9m-formado no bacharelado em Design da CESAR School. O trabalho, resultado do Trabalho de Conclus\u00e3o de Curso, prop\u00f5e uma reflex\u00e3o sens\u00edvel sobre mem\u00f3ria, territ\u00f3rio e experi\u00eancia urbana no Recife.<\/p>\n<p>Com 72 p\u00e1ginas, a publica\u00e7\u00e3o funciona como uma c\u00e1psula do tempo e uma tecnologia simb\u00f3lica de preserva\u00e7\u00e3o da mem\u00f3ria urbana. A zine combina diferentes linguagens gr\u00e1ficas e materiais \u2014 como imagens captadas em fita Hi8, postais em cianotipia, flipbook, encartes e registros manuais \u2014 e celebra o anal\u00f3gico, o erro, a textura e o tempo, convidando o leitor a reaprender a experimentar a geografia humana da cidade.<\/p>\n<blockquote><p>\u201cEsse reconhecimento refor\u00e7a nossa forma de trabalhar, que conecta pesquisa, pessoas, design e diversidade. No CESAR e na CESAR School, o design \u00e9 parte central da inova\u00e7\u00e3o, desde a concep\u00e7\u00e3o at\u00e9 a entrega de solu\u00e7\u00f5es que fazem diferen\u00e7a para a sociedade\u201d, <strong>destaca Jana Branco, gerente de solu\u00e7\u00f5es educacionais do CESAR.<\/strong><\/p><\/blockquote>\n<p>A conquista ocorre em um contexto de crescente valoriza\u00e7\u00e3o do design como motor de competitividade, especialmente em \u00e1reas como transforma\u00e7\u00e3o digital, experi\u00eancia do usu\u00e1rio, servi\u00e7os p\u00fablicos e produtos tecnol\u00f3gicos. Nesse cen\u00e1rio, <strong>o CESAR se diferencia por atuar de forma integrada em educa\u00e7\u00e3o, pesquisa aplicada e desenvolvimento de solu\u00e7\u00f5es, conectando empresas, startups, academia e governo.<\/strong><\/p>\n<p><strong>Com quase 30 anos de atua\u00e7\u00e3o<\/strong>, o CESAR mant\u00e9m relev\u00e2ncia nacional e internacional, reunindo talentos multidisciplinares e ampliando a constru\u00e7\u00e3o de conhecimento, um posicionamento que tamb\u00e9m se reflete na CESAR School, frente educacional da institui\u00e7\u00e3o respons\u00e1vel pela forma\u00e7\u00e3o de profissionais preparados para liderar a economia da inova\u00e7\u00e3o.<\/p>\n<p><strong>Sobre a premia\u00e7\u00e3o<\/strong><\/p>\n<p>Promovido pela Associa\u00e7\u00e3o Brasileira de Empresas de Design (ABEDESIGN), o Pr\u00eamio Brasileiro de Design \u00e9 refer\u00eancia nacional na valoriza\u00e7\u00e3o de iniciativas que se destacam pela excel\u00eancia conceitual, relev\u00e2ncia social e inova\u00e7\u00e3o. Nesta edi\u00e7\u00e3o, o CESAR teve dois projetos reconhecidos entre os vencedores, consolidando uma atua\u00e7\u00e3o de ponta no cen\u00e1rio brasileiro de design e inova\u00e7\u00e3o.<\/p>\n","protected":false},"excerpt":{"rendered":"<p>O CESAR conquistou tr\u00eas premia\u00e7\u00f5es no Pr\u00eamio Brasileiro de Design 2025 com o Programa FAST e o projeto estudantil Homo Aquaticus. Os reconhecimentos foram anunciados durante cerim\u00f4nia realizada no dia 15 de dezembro, na Sala S\u00e3o Paulo, e evidenciam iniciativas que traduzem, na pr\u00e1tica, a capacidade da institui\u00e7\u00e3o de integrar design, tecnologia, inclus\u00e3o e impacto [&hellip;]<\/p>\n","protected":false},"author":15,"featured_media":5851,"comment_status":"open","ping_status":"open","sticky":false,"template":"","format":"standard","meta":{"_acf_changed":false,"inline_featured_image":false,"footnotes":""},"categories":[595],"tags":[546,563],"formato_noticias":[30],"class_list":["post-5841","post","type-post","status-publish","format-standard","has-post-thumbnail","hentry","category-industria","tag-fast","tag-premio-brasileiro-de-design-2025","formato_noticias-noticias-cesar"],"acf":[],"_links":{"self":[{"href":"https:\/\/www.cesar.org.br\/painel\/wp-json\/wp\/v2\/posts\/5841","targetHints":{"allow":["GET"]}}],"collection":[{"href":"https:\/\/www.cesar.org.br\/painel\/wp-json\/wp\/v2\/posts"}],"about":[{"href":"https:\/\/www.cesar.org.br\/painel\/wp-json\/wp\/v2\/types\/post"}],"author":[{"embeddable":true,"href":"https:\/\/www.cesar.org.br\/painel\/wp-json\/wp\/v2\/users\/15"}],"replies":[{"embeddable":true,"href":"https:\/\/www.cesar.org.br\/painel\/wp-json\/wp\/v2\/comments?post=5841"}],"version-history":[{"count":9,"href":"https:\/\/www.cesar.org.br\/painel\/wp-json\/wp\/v2\/posts\/5841\/revisions"}],"predecessor-version":[{"id":5850,"href":"https:\/\/www.cesar.org.br\/painel\/wp-json\/wp\/v2\/posts\/5841\/revisions\/5850"}],"wp:featuredmedia":[{"embeddable":true,"href":"https:\/\/www.cesar.org.br\/painel\/wp-json\/wp\/v2\/media\/5851"}],"wp:attachment":[{"href":"https:\/\/www.cesar.org.br\/painel\/wp-json\/wp\/v2\/media?parent=5841"}],"wp:term":[{"taxonomy":"category","embeddable":true,"href":"https:\/\/www.cesar.org.br\/painel\/wp-json\/wp\/v2\/categories?post=5841"},{"taxonomy":"post_tag","embeddable":true,"href":"https:\/\/www.cesar.org.br\/painel\/wp-json\/wp\/v2\/tags?post=5841"},{"taxonomy":"formato_noticias","embeddable":true,"href":"https:\/\/www.cesar.org.br\/painel\/wp-json\/wp\/v2\/formato_noticias?post=5841"}],"curies":[{"name":"wp","href":"https:\/\/api.w.org\/{rel}","templated":true}]}}