{"id":5800,"date":"2025-12-04T19:02:11","date_gmt":"2025-12-04T22:02:11","guid":{"rendered":"https:\/\/www.cesar.org.br\/painel\/?p=5800"},"modified":"2025-12-04T19:18:05","modified_gmt":"2025-12-04T22:18:05","slug":"cesar-e-destaque-ao-vencer-duas-categorias-no-premio-recife-de-inovacao-2025","status":"publish","type":"post","link":"https:\/\/www.cesar.org.br\/painel\/cesar-e-destaque-ao-vencer-duas-categorias-no-premio-recife-de-inovacao-2025\/","title":{"rendered":"CESAR \u00e9 destaque ao vencer duas categorias no Pr\u00eamio Recife de Inova\u00e7\u00e3o 2025"},"content":{"rendered":"<p><span style=\"font-weight: 400;\">\u00c0s v\u00e9speras de completar tr\u00eas d\u00e9cadas de hist\u00f3ria, o CESAR, um dos mais completos centros de inova\u00e7\u00e3o e conhecimento do Brasil, recebeu dois pr\u00eamios pelos cases <strong>Batom Inteligente<\/strong> e <strong>Inova.A\u00e7\u00e3o PCD<\/strong> no Pr\u00eamio Recife de Inova\u00e7\u00e3o 2025. A forte presen\u00e7a na premia\u00e7\u00e3o, promovida pela Prefeitura do Recife por meio da Secretaria de Transforma\u00e7\u00e3o Digital, Ci\u00eancia e Tecnologia (SECTI), simboliza a consolida\u00e7\u00e3o de um trabalho que, desde sua funda\u00e7\u00e3o, se dedica a transformar empresas, pessoas e a sociedade pela tecnologia.<\/span><\/p>\n<p><span style=\"font-weight: 400;\">Ao todo, oito projetos do CESAR e da CESAR School estavam entre os finalistas em tr\u00eas categorias: <\/span><b>Batom Inteligente, Bootcamp de Inova\u00e7\u00e3o, Innovation Journey, Inova.A\u00e7\u00e3o PCD, CESAR Summer Job, Circuito Digital de Poesia, Programa FAST e Programando o Futuro<\/b><span style=\"font-weight: 400;\">.\u00a0<\/span><\/p>\n<p><span style=\"font-weight: 400;\">Cada indica\u00e7\u00e3o reflete a capacidade do CESAR de atuar simultaneamente em diferentes frentes, como Inova\u00e7\u00e3o Empresarial, ESG, Startups, Inova\u00e7\u00e3o Social e Educa\u00e7\u00e3o, demonstrando uma ambidestria organizacional rara, que conecta a pesquisa de fronteira com a aplica\u00e7\u00e3o pr\u00e1tica no mercado e o impacto direto na comunidade.<\/span><\/p>\n<p><b>\ud83d\udd17Leia tamb\u00e9m:<\/b> <a href=\"https:\/\/www.cesar.org.br\/w\/cesar-e-finalista-em-dobro-no-premio-brasileiro-de-design-2025\"><span style=\"font-weight: 400;\">CESAR \u00e9 finalista em dobro no Pr\u00eamio Brasileiro de Design 2025<\/span><\/a><\/p>\n<p><b>A premia\u00e7\u00e3o em n\u00fameros<\/b><\/p>\n<p><span style=\"font-weight: 400;\">A vota\u00e7\u00e3o popular registrou mais de 14 mil votos. Das 106 iniciativas inscritas, 97 projetos foram considerados eleg\u00edveis e seguiram para as etapas de avalia\u00e7\u00e3o t\u00e9cnica e vota\u00e7\u00e3o popular.\u00a0<\/span><\/p>\n<p><b>Quase 30 anos de inova\u00e7\u00e3o<\/b><\/p>\n<p><span style=\"font-weight: 400;\">A trajet\u00f3ria do CESAR se entrela\u00e7a \u00e0 do pr\u00f3prio Porto Digital. Fundado com a miss\u00e3o de conter a &#8220;fuga de talentos&#8221; e fomentar o desenvolvimento local, o centro tornou-se um pilar estrat\u00e9gico do ecossistema de inova\u00e7\u00e3o. As oito indica\u00e7\u00f5es ao Pr\u00eamio Recife de Inova\u00e7\u00e3o 2025 refor\u00e7am que, ao se aproximar de seus 30 anos, o CESAR permanece firme no prop\u00f3sito original: usar conhecimento e tecnologia para construir um futuro mais transformador e inclusivo.<\/span><\/p>\n<p><b>\ud83c\udfc6Conhe\u00e7a as iniciativas premiadas no Pr\u00eamio Recife de Inova\u00e7\u00e3o 2025:<\/b><\/p>\n<p><b>Batom Inteligente<\/b><\/p>\n<p><span style=\"font-weight: 400;\">O Batom Inteligente, desenvolvido pelo Grupo Botic\u00e1rio em parceria com o CESAR, \u00e9 uma solu\u00e7\u00e3o pioneira que utiliza intelig\u00eancia artificial, vis\u00e3o computacional e rob\u00f3tica para tornar o uso de maquiagem acess\u00edvel a pessoas com defici\u00eancia visual ou limita\u00e7\u00f5es motoras, devolvendo autonomia e dignidade \u00e0 rotina de beleza.\u00a0<\/span><\/p>\n<p><span style=\"font-weight: 400;\">Representando uma verdadeira mudan\u00e7a de paradigma ao unir alta tecnologia e prop\u00f3sito social em favor da inclus\u00e3o, o<\/span><a href=\"https:\/\/www.cesar.org.br\/w\/batom-inteligente-desenvolvido-pelo-cesar-e-grupo-boticario-e-premiado-no-sxsw-innovation-awards-2025\"><span style=\"font-weight: 400;\"> projeto conquistou reconhecimento internacional ao ganhar o \u201cPeople\u2019s Choice Award\u201d no SXSW Innovation Awards<\/span><\/a><span style=\"font-weight: 400;\">, sendo o \u00fanico vencedor da Am\u00e9rica Latina entre dezenas de concorrentes globais.<\/span><\/p>\n<p><b>Inova.A\u00e7\u00e3o PCD CESAR<\/b><\/p>\n<p><span style=\"font-weight: 400;\">O<\/span><a href=\"https:\/\/www.cesar.org.br\/w\/inova-acao-pcd-30-talentos-conquistam-aprovacao-e-serao-contratados-pelo-cesar\"><span style=\"font-weight: 400;\"> Inova.A\u00e7\u00e3o PCD, uma iniciativa do CESAR em parceria com a T\u00e9los<\/span><\/a><span style=\"font-weight: 400;\">, \u00e9 um programa de inclus\u00e3o que promove forma\u00e7\u00e3o e empregabilidade para pessoas com defici\u00eancia no setor de tecnologia, oferecendo contrata\u00e7\u00e3o e capacita\u00e7\u00e3o gratuita na \u00e1rea de desenvolvimento de software.\u00a0<\/span><\/p>\n<p><span style=\"font-weight: 400;\">Pautada na equidade e na valoriza\u00e7\u00e3o de diferentes trajet\u00f3rias, a iniciativa busca abrir portas em um mercado tradicionalmente pouco acess\u00edvel, selecionando participantes por meio de testes, v\u00eddeo de apresenta\u00e7\u00e3o e hackathon, e garantindo forma\u00e7\u00e3o t\u00e9cnica intensiva que de fato possibilita inser\u00e7\u00e3o profissional. Ao unir tecnologia, inclus\u00e3o e empoderamento social, o Inova.A\u00e7\u00e3o PCD refor\u00e7a o compromisso com a diversidade e se consolida como uma iniciativa essencial para tornar o setor de tecnologia mais acess\u00edvel, representativo e justo para todos.<\/span><\/p>\n","protected":false},"excerpt":{"rendered":"<p>\u00c0s v\u00e9speras de completar tr\u00eas d\u00e9cadas de hist\u00f3ria, o CESAR, um dos mais completos centros de inova\u00e7\u00e3o e conhecimento do Brasil, recebeu dois pr\u00eamios pelos cases Batom Inteligente e Inova.A\u00e7\u00e3o PCD no Pr\u00eamio Recife de Inova\u00e7\u00e3o 2025. A forte presen\u00e7a na premia\u00e7\u00e3o, promovida pela Prefeitura do Recife por meio da Secretaria de Transforma\u00e7\u00e3o Digital, Ci\u00eancia [&hellip;]<\/p>\n","protected":false},"author":15,"featured_media":5803,"comment_status":"open","ping_status":"open","sticky":false,"template":"","format":"standard","meta":{"_acf_changed":false,"inline_featured_image":false,"footnotes":""},"categories":[593],"tags":[542,163,557,558],"formato_noticias":[30],"class_list":["post-5800","post","type-post","status-publish","format-standard","has-post-thumbnail","hentry","category-ventures","tag-cesar","tag-inovacao","tag-premiacao","tag-premio-recife-de-inovacao","formato_noticias-noticias-cesar"],"acf":[],"_links":{"self":[{"href":"https:\/\/www.cesar.org.br\/painel\/wp-json\/wp\/v2\/posts\/5800","targetHints":{"allow":["GET"]}}],"collection":[{"href":"https:\/\/www.cesar.org.br\/painel\/wp-json\/wp\/v2\/posts"}],"about":[{"href":"https:\/\/www.cesar.org.br\/painel\/wp-json\/wp\/v2\/types\/post"}],"author":[{"embeddable":true,"href":"https:\/\/www.cesar.org.br\/painel\/wp-json\/wp\/v2\/users\/15"}],"replies":[{"embeddable":true,"href":"https:\/\/www.cesar.org.br\/painel\/wp-json\/wp\/v2\/comments?post=5800"}],"version-history":[{"count":7,"href":"https:\/\/www.cesar.org.br\/painel\/wp-json\/wp\/v2\/posts\/5800\/revisions"}],"predecessor-version":[{"id":5808,"href":"https:\/\/www.cesar.org.br\/painel\/wp-json\/wp\/v2\/posts\/5800\/revisions\/5808"}],"wp:featuredmedia":[{"embeddable":true,"href":"https:\/\/www.cesar.org.br\/painel\/wp-json\/wp\/v2\/media\/5803"}],"wp:attachment":[{"href":"https:\/\/www.cesar.org.br\/painel\/wp-json\/wp\/v2\/media?parent=5800"}],"wp:term":[{"taxonomy":"category","embeddable":true,"href":"https:\/\/www.cesar.org.br\/painel\/wp-json\/wp\/v2\/categories?post=5800"},{"taxonomy":"post_tag","embeddable":true,"href":"https:\/\/www.cesar.org.br\/painel\/wp-json\/wp\/v2\/tags?post=5800"},{"taxonomy":"formato_noticias","embeddable":true,"href":"https:\/\/www.cesar.org.br\/painel\/wp-json\/wp\/v2\/formato_noticias?post=5800"}],"curies":[{"name":"wp","href":"https:\/\/api.w.org\/{rel}","templated":true}]}}