{"id":5675,"date":"2025-11-14T13:18:32","date_gmt":"2025-11-14T16:18:32","guid":{"rendered":"https:\/\/www.cesar.org.br\/painel\/?p=5675"},"modified":"2025-11-14T13:33:57","modified_gmt":"2025-11-14T16:33:57","slug":"acordo-entre-cesar-europa-e-o-ccg-zgdv-centro-portugues-amplia-cooperacao-tecnologica-entre-brasil-e-uniao-europeia","status":"publish","type":"post","link":"https:\/\/www.cesar.org.br\/painel\/acordo-entre-cesar-europa-e-o-ccg-zgdv-centro-portugues-amplia-cooperacao-tecnologica-entre-brasil-e-uniao-europeia\/","title":{"rendered":"Acordo entre CESAR Europa e o CCG\/ZGDV, centro portugu\u00eas amplia coopera\u00e7\u00e3o tecnol\u00f3gica entre Brasil e Uni\u00e3o Europeia"},"content":{"rendered":"<p><span style=\"font-weight: 400;\">O <strong>CESAR Europa<\/strong> e o <strong>Centro de Computa\u00e7\u00e3o Gr\u00e1fica de Portugal (CCG)<\/strong> oficializaram a assinatura de um protocolo de coopera\u00e7\u00e3o estrat\u00e9gica destinado a impulsionar projetos conjuntos de pesquisa, inova\u00e7\u00e3o aplicada e desenvolvimento tecnol\u00f3gico entre Brasil e Uni\u00e3o Europeia. A iniciativa faz parte da estrat\u00e9gia de internacionaliza\u00e7\u00e3o iniciada em 2023 e deve ampliar a atua\u00e7\u00e3o das institui\u00e7\u00f5es em \u00e1reas como intelig\u00eancia artificial, ciberseguran\u00e7a e computa\u00e7\u00e3o de alto desempenho.<\/span><\/p>\n<p><span style=\"font-weight: 400;\">Criado em 2023, o CESAR Europa surgiu com o objetivo de expandir a rede internacional do CESAR, o mais completo centro de inova\u00e7\u00e3o e conhecimento do Brasil, por meio de alian\u00e7as com centros de pesquisa e organiza\u00e7\u00f5es europeias. A assinatura do acordo com o CCG, realizada em cerim\u00f4nia oficial em Portugal, integra essa estrat\u00e9gia de aproxima\u00e7\u00e3o.<\/span><\/p>\n<p><strong>\ud83d\udd17Leia tamb\u00e9m:<\/strong> <a href=\"https:\/\/www.cesar.org.br\/w\/cesar-e-porto-digital-no-web-summit-lisboa\">Web Summit Lisboa: CESAR e Porto Digital exaltam o papel do ecossistema lus\u00f3fono no cen\u00e1rio digital global<\/a><\/p>\n<p><span style=\"font-weight: 400;\">O CCG, sediado em Guimar\u00e3es, \u00e9 reconhecido pela atua\u00e7\u00e3o em computa\u00e7\u00e3o gr\u00e1fica, tecnologias digitais e projetos de inova\u00e7\u00e3o com foco em ind\u00fastria e governo. A institui\u00e7\u00e3o ser\u00e1 uma das parceiras europeias do CESARE, hub de coopera\u00e7\u00e3o internacional sediado em Aveiro e respons\u00e1vel por articular projetos entre o ecossistema brasileiro de inova\u00e7\u00e3o e centros de pesquisa da Uni\u00e3o Europeia.<\/span><\/p>\n<blockquote><p><span style=\"font-weight: 400;\"><img loading=\"lazy\" decoding=\"async\" class=\"alignleft size-medium wp-image-5682\" src=\"https:\/\/www.cesar.org.br\/painel\/wp-content\/uploads\/2025\/11\/Eduardo-Peixoto-CEO-CESAR-assina-acordo-CCG-300x225.jpeg\" alt=\"\" width=\"300\" height=\"225\" srcset=\"https:\/\/www.cesar.org.br\/painel\/wp-content\/uploads\/2025\/11\/Eduardo-Peixoto-CEO-CESAR-assina-acordo-CCG-300x225.jpeg 300w, https:\/\/www.cesar.org.br\/painel\/wp-content\/uploads\/2025\/11\/Eduardo-Peixoto-CEO-CESAR-assina-acordo-CCG-1024x768.jpeg 1024w, https:\/\/www.cesar.org.br\/painel\/wp-content\/uploads\/2025\/11\/Eduardo-Peixoto-CEO-CESAR-assina-acordo-CCG-768x576.jpeg 768w, https:\/\/www.cesar.org.br\/painel\/wp-content\/uploads\/2025\/11\/Eduardo-Peixoto-CEO-CESAR-assina-acordo-CCG-1536x1152.jpeg 1536w, https:\/\/www.cesar.org.br\/painel\/wp-content\/uploads\/2025\/11\/Eduardo-Peixoto-CEO-CESAR-assina-acordo-CCG.jpeg 2048w\" sizes=\"auto, (max-width: 300px) 100vw, 300px\" \/>\u201cA\u00a0 parceria \u00e9 um passo importante para o fortalecimento de nossa estrat\u00e9gia de internacionaliza\u00e7\u00e3o, pois nos conecta a <\/span><span style=\"font-weight: 400;\">uma institui\u00e7\u00e3o de grande relev\u00e2ncia, com experi\u00eancia e capacidades que ampliam nosso alcance e fortalecem nossa atua\u00e7\u00e3o na constru\u00e7\u00e3o de solu\u00e7\u00f5es para desafios cada vez mais complexos\u201d, explica <\/span><b>Eduardo Peixoto, CEO do CESAR.<\/b><\/p><\/blockquote>\n<p><span style=\"font-weight: 400;\">O CESARE atua na conex\u00e3o entre pesquisa, forma\u00e7\u00e3o de talentos e inova\u00e7\u00e3o aplicada, promovendo iniciativas de transfer\u00eancia de conhecimento, colabora\u00e7\u00f5es cient\u00edficas e desenvolvimento de solu\u00e7\u00f5es em \u00e1reas estrat\u00e9gicas. Entre os focos est\u00e3o a <strong>ciberseguran\u00e7a, intelig\u00eancia artificial, computa\u00e7\u00e3o de alto desempenho e computa\u00e7\u00e3o qu\u00e2ntica<\/strong>, al\u00e9m da articula\u00e7\u00e3o para capta\u00e7\u00e3o de recursos europeus destinados \u00e0 pesquisa e inova\u00e7\u00e3o.\u00a0<\/span><\/p>\n","protected":false},"excerpt":{"rendered":"<p>O CESAR Europa e o Centro de Computa\u00e7\u00e3o Gr\u00e1fica de Portugal (CCG) oficializaram a assinatura de um protocolo de coopera\u00e7\u00e3o estrat\u00e9gica destinado a impulsionar projetos conjuntos de pesquisa, inova\u00e7\u00e3o aplicada e desenvolvimento tecnol\u00f3gico entre Brasil e Uni\u00e3o Europeia. A iniciativa faz parte da estrat\u00e9gia de internacionaliza\u00e7\u00e3o iniciada em 2023 e deve ampliar a atua\u00e7\u00e3o das [&hellip;]<\/p>\n","protected":false},"author":15,"featured_media":5678,"comment_status":"open","ping_status":"open","sticky":false,"template":"","format":"standard","meta":{"_acf_changed":false,"inline_featured_image":false,"footnotes":""},"categories":[1],"tags":[552,542],"formato_noticias":[30],"class_list":["post-5675","post","type-post","status-publish","format-standard","has-post-thumbnail","hentry","category-design","tag-ccg-zgdv","tag-cesar","formato_noticias-noticias-cesar"],"acf":[],"_links":{"self":[{"href":"https:\/\/www.cesar.org.br\/painel\/wp-json\/wp\/v2\/posts\/5675","targetHints":{"allow":["GET"]}}],"collection":[{"href":"https:\/\/www.cesar.org.br\/painel\/wp-json\/wp\/v2\/posts"}],"about":[{"href":"https:\/\/www.cesar.org.br\/painel\/wp-json\/wp\/v2\/types\/post"}],"author":[{"embeddable":true,"href":"https:\/\/www.cesar.org.br\/painel\/wp-json\/wp\/v2\/users\/15"}],"replies":[{"embeddable":true,"href":"https:\/\/www.cesar.org.br\/painel\/wp-json\/wp\/v2\/comments?post=5675"}],"version-history":[{"count":8,"href":"https:\/\/www.cesar.org.br\/painel\/wp-json\/wp\/v2\/posts\/5675\/revisions"}],"predecessor-version":[{"id":5685,"href":"https:\/\/www.cesar.org.br\/painel\/wp-json\/wp\/v2\/posts\/5675\/revisions\/5685"}],"wp:featuredmedia":[{"embeddable":true,"href":"https:\/\/www.cesar.org.br\/painel\/wp-json\/wp\/v2\/media\/5678"}],"wp:attachment":[{"href":"https:\/\/www.cesar.org.br\/painel\/wp-json\/wp\/v2\/media?parent=5675"}],"wp:term":[{"taxonomy":"category","embeddable":true,"href":"https:\/\/www.cesar.org.br\/painel\/wp-json\/wp\/v2\/categories?post=5675"},{"taxonomy":"post_tag","embeddable":true,"href":"https:\/\/www.cesar.org.br\/painel\/wp-json\/wp\/v2\/tags?post=5675"},{"taxonomy":"formato_noticias","embeddable":true,"href":"https:\/\/www.cesar.org.br\/painel\/wp-json\/wp\/v2\/formato_noticias?post=5675"}],"curies":[{"name":"wp","href":"https:\/\/api.w.org\/{rel}","templated":true}]}}