{"id":5657,"date":"2025-11-12T20:57:50","date_gmt":"2025-11-12T23:57:50","guid":{"rendered":"https:\/\/www.cesar.org.br\/painel\/?p=5657"},"modified":"2025-11-13T10:00:18","modified_gmt":"2025-11-13T13:00:18","slug":"cesar-e-porto-digital-no-web-summit-lisboa","status":"publish","type":"post","link":"https:\/\/www.cesar.org.br\/painel\/cesar-e-porto-digital-no-web-summit-lisboa\/","title":{"rendered":"Web Summit Lisboa: CESAR e Porto Digital exaltam o papel do ecossistema lus\u00f3fono no cen\u00e1rio digital global"},"content":{"rendered":"<p>O ecossistema de inova\u00e7\u00e3o de Pernambuco marcou presen\u00e7a no Web Summit Lisboa 2025 com uma conversa que destacou o poder transformador das conex\u00f5es humanas. No palco, Eduardo Peixoto, CEO do CESAR, dividiu espa\u00e7o com Pierre Lucena, presidente do Porto Digital e do Cais do Porto, em um di\u00e1logo conduzido pela jornalista e editora do DN Brasil, Amanda Lima.<\/p>\n<p>O painel trouxe \u00e0 luz como Brasil e Portugal v\u00eam consolidando uma cultura de inova\u00e7\u00e3o compartilhada, sustentada pela criatividade, pela colabora\u00e7\u00e3o e, especialmente, pela for\u00e7a da l\u00edngua portuguesa. Juntos, os l\u00edderes apresentaram a vis\u00e3o de um ecossistema lus\u00f3fono capaz de gerar impacto global sem perder suas ra\u00edzes culturais, refor\u00e7ando que inova\u00e7\u00e3o \u00e9, antes de tudo, uma constru\u00e7\u00e3o coletiva que ultrapassa territ\u00f3rios.<\/p>\n<p>\ud83d\udd17<strong>Leia tamb\u00e9m:<\/strong> <a href=\"https:\/\/www.cesar.org.br\/w\/cesar-no-web-summit-lisboa-2025\">CESAR marca presen\u00e7a no Web Summit Lisboa 2025<\/a><\/p>\n<p><strong>Pessoas e prop\u00f3sito no centro do ecossistema<\/strong><\/p>\n<p>Eduardo Peixoto destacou que a miss\u00e3o do CESAR de \u201ctransformar a vida das pessoas\u201d n\u00e3o \u00e9 um slogan, mas um princ\u00edpio que se materializa diariamente no trabalho da institui\u00e7\u00e3o. Seja pela forma\u00e7\u00e3o de profissionais altamente qualificados, pelo est\u00edmulo ao pensamento cr\u00edtico ou pela constru\u00e7\u00e3o de solu\u00e7\u00f5es tecnol\u00f3gicas significativas, o CESAR atua como um motor que vai al\u00e9m de preencher vagas: ele cria oportunidades e fortalece a capacidade inovadora do territ\u00f3rio.<\/p>\n<p>\ud83d\udd17 <strong>Leia tamb\u00e9m:<\/strong> <a href=\"https:\/\/www.cesar.org.br\/w\/futuro-da-tecnologia-em-debate-ia-energia-e-ciberseguranca-no-web-summit-rio-2025\">Futuro da tecnologia em debate: IA, energia e ciberseguran\u00e7a no Web Summit Rio 2025<\/a><\/p>\n<p><strong>A for\u00e7a da cultura pernambucana<\/strong><\/p>\n<p>Pierre Lucena refor\u00e7ou essa vis\u00e3o trazendo a perspectiva hist\u00f3rica e atual do Porto Digital. Se no in\u00edcio o desafio era evitar \u201ca fuga de c\u00e9rebros\u201d, hoje o ecossistema se encontra diante de um novo cen\u00e1rio global: a oportunidade de atrair talentos, inclusive daqueles que v\u00eam reavaliando sua perman\u00eancia em polos tradicionais como os Estados Unidos.<\/p>\n<p>Ambos os l\u00edderes destacaram, em bom &#8220;pernambuqu\u00eas&#8221;, o papel estrat\u00e9gico da cultura, da l\u00edngua e da criatividade na constru\u00e7\u00e3o de um ambiente digital pr\u00f3prio, cheio de personalidade e com potencial para gerar impacto mundial. A sinergia entre Pernambuco e Portugal, segundo eles, tem impulsionado novas oportunidades e consolidado um terreno f\u00e9rtil para que ideias se transformem em solu\u00e7\u00f5es que atravessam fronteiras.<\/p>\n<h4>\ud83d\udca1Para mais conte\u00fados, insights e novidades sobre inova\u00e7\u00e3o e tecnologia, <a href=\"https:\/\/materiais.cesar.org.br\/cesarinsights\">inscreva-se na nossa Newsletter!<\/a><\/h4>\n","protected":false},"excerpt":{"rendered":"<p>O ecossistema de inova\u00e7\u00e3o de Pernambuco marcou presen\u00e7a no Web Summit Lisboa 2025 com uma conversa que destacou o poder transformador das conex\u00f5es humanas. No palco, Eduardo Peixoto, CEO do CESAR, dividiu espa\u00e7o com Pierre Lucena, presidente do Porto Digital e do Cais do Porto, em um di\u00e1logo conduzido pela jornalista e editora do DN [&hellip;]<\/p>\n","protected":false},"author":15,"featured_media":5659,"comment_status":"open","ping_status":"open","sticky":false,"template":"","format":"standard","meta":{"_acf_changed":false,"inline_featured_image":false,"footnotes":""},"categories":[2],"tags":[542,551,541],"formato_noticias":[30],"class_list":["post-5657","post","type-post","status-publish","format-standard","has-post-thumbnail","hentry","category-educacao","tag-cesar","tag-porto-digital","tag-web-summit-lisboa","formato_noticias-noticias-cesar"],"acf":[],"_links":{"self":[{"href":"https:\/\/www.cesar.org.br\/painel\/wp-json\/wp\/v2\/posts\/5657","targetHints":{"allow":["GET"]}}],"collection":[{"href":"https:\/\/www.cesar.org.br\/painel\/wp-json\/wp\/v2\/posts"}],"about":[{"href":"https:\/\/www.cesar.org.br\/painel\/wp-json\/wp\/v2\/types\/post"}],"author":[{"embeddable":true,"href":"https:\/\/www.cesar.org.br\/painel\/wp-json\/wp\/v2\/users\/15"}],"replies":[{"embeddable":true,"href":"https:\/\/www.cesar.org.br\/painel\/wp-json\/wp\/v2\/comments?post=5657"}],"version-history":[{"count":7,"href":"https:\/\/www.cesar.org.br\/painel\/wp-json\/wp\/v2\/posts\/5657\/revisions"}],"predecessor-version":[{"id":5666,"href":"https:\/\/www.cesar.org.br\/painel\/wp-json\/wp\/v2\/posts\/5657\/revisions\/5666"}],"wp:featuredmedia":[{"embeddable":true,"href":"https:\/\/www.cesar.org.br\/painel\/wp-json\/wp\/v2\/media\/5659"}],"wp:attachment":[{"href":"https:\/\/www.cesar.org.br\/painel\/wp-json\/wp\/v2\/media?parent=5657"}],"wp:term":[{"taxonomy":"category","embeddable":true,"href":"https:\/\/www.cesar.org.br\/painel\/wp-json\/wp\/v2\/categories?post=5657"},{"taxonomy":"post_tag","embeddable":true,"href":"https:\/\/www.cesar.org.br\/painel\/wp-json\/wp\/v2\/tags?post=5657"},{"taxonomy":"formato_noticias","embeddable":true,"href":"https:\/\/www.cesar.org.br\/painel\/wp-json\/wp\/v2\/formato_noticias?post=5657"}],"curies":[{"name":"wp","href":"https:\/\/api.w.org\/{rel}","templated":true}]}}