{"id":5578,"date":"2025-11-03T09:58:50","date_gmt":"2025-11-03T12:58:50","guid":{"rendered":"https:\/\/www.cesar.org.br\/painel\/?p=5578"},"modified":"2026-03-25T10:39:25","modified_gmt":"2026-03-25T13:39:25","slug":"cesar-e-finalista-em-dobro-no-premio-brasileiro-de-design-2025","status":"publish","type":"post","link":"https:\/\/www.cesar.org.br\/painel\/cesar-e-finalista-em-dobro-no-premio-brasileiro-de-design-2025\/","title":{"rendered":"CESAR \u00e9 finalista em duas categorias no Pr\u00eamio Brasileiro de Design 2025"},"content":{"rendered":"<p>O design com prop\u00f3sito do CESAR ganhou reconhecimento nacional em dobro! O <a href=\"https:\/\/www.cesar.school\/curso-de-extensao\/fast-formacao-acelerada-em-solucoes-tech-design\/\">Programa FAST<\/a>, desenvolvido pelo centro de inova\u00e7\u00e3o em parceria com o Minist\u00e9rio da Ci\u00eancia, Tecnologia e Inova\u00e7\u00e3o (MCTI) e a Softex, foi selecionado como <strong>finalista do Pr\u00eamio Brasileiro de Design 2025<\/strong> na categoria Design de Impacto Social, subcategoria Inclus\u00e3o e Diversidade.<\/p>\n<p>A cerim\u00f4nia da premia\u00e7\u00e3o, uma das mais importantes da \u00e1rea no pa\u00eds, ser\u00e1 no dia 15 de dezembro, na Sala S\u00e3o Paulo, e reunir\u00e1 os principais projetos que utilizam o design como ferramenta de transforma\u00e7\u00e3o social. Al\u00e9m do FAST, o projeto estudantil Zine Experimental \u201cHomo Aquaticus\u201d, tamb\u00e9m desenvolvido no CESAR, \u00e9 finalista na categoria Design Editorial.<\/p>\n<p>\ud83d\udd17<strong>Leia tamb\u00e9m:<\/strong> <a href=\"https:\/\/www.cesar.org.br\/w\/batom-inteligente-desenvolvido-pelo-cesar-e-grupo-boticario-e-premiado-no-sxsw-innovation-awards-2025\">Batom Inteligente desenvolvido pelo Grupo Botic\u00e1rio e CESAR \u00e9 premiado no SXSW Innovation Awards 2025<\/a><\/p>\n<p><strong>FAST: Design para inclus\u00e3o e diversidade<\/strong><\/p>\n<p>Com alcance nacional, o FAST nasceu com o prop\u00f3sito de ampliar o acesso e promover inclus\u00e3o, equidade e diversidade no setor de tecnologia. O programa oferece forma\u00e7\u00e3o gratuita e online para estudantes, profissionais em transi\u00e7\u00e3o de carreira e rec\u00e9m-formados, com um olhar atento \u00e0 valoriza\u00e7\u00e3o de trajet\u00f3rias diversas e \u00e0 acelera\u00e7\u00e3o da entrada de grupos historicamente sub-representados no mercado de trabalho.<\/p>\n<p>Como refor\u00e7o dessa miss\u00e3o, a iniciativa adota um sistema de bonifica\u00e7\u00e3o no processo seletivo que reconhece marcadores sociais como identidade de g\u00eanero, ra\u00e7a, defici\u00eancia e origem regional, o que torna a sele\u00e7\u00e3o mais justa, diversa e representativa. Integrante do MCTI Futuro, programa nacional de capacita\u00e7\u00e3o para a transforma\u00e7\u00e3o digital, o FAST j\u00e1 recebeu mais de 40 mil inscri\u00e7\u00f5es em todo o pa\u00eds.<\/p>\n<p>A metodologia desenvolvida segue princ\u00edpios de design instrucional inclusivo, com foco em acessibilidade geogr\u00e1fica, econ\u00f4mica e pedag\u00f3gica. As aulas s\u00e3o 100% remotas e flex\u00edveis, divididas em duas trilhas formativas (Transi\u00e7\u00e3o de Carreira e Acelera\u00e7\u00e3o de Carreira) e incluem microcertifica\u00e7\u00f5es intermedi\u00e1rias para as compet\u00eancias adquiridas ao longo da jornada, ampliando as oportunidades de empregabilidade desde os primeiros m\u00f3dulos.<\/p>\n<p><strong>Impacto social em escala nacional<\/strong><\/p>\n<p>Os resultados do FAST demonstram como o design pode ser um agente catalisador de transforma\u00e7\u00e3o social. At\u00e9 junho de 2025, o programa atingiu um perfil de participantes composto por 50,3% mulheres, pessoas trans e n\u00e3o-bin\u00e1rias, 67,1% pessoas pretas e pardas, 47,9% LGBTQIAPN+, e 75,4% de baixa renda.<\/p>\n<figure id=\"attachment_5583\" aria-describedby=\"caption-attachment-5583\" style=\"width: 300px\" class=\"wp-caption alignleft\"><img loading=\"lazy\" decoding=\"async\" class=\"size-medium wp-image-5583\" src=\"https:\/\/www.cesar.org.br\/painel\/wp-content\/uploads\/2025\/11\/CESAR-finalista-premio-zine-300x225.jpg\" alt=\"\" width=\"300\" height=\"225\" srcset=\"https:\/\/www.cesar.org.br\/painel\/wp-content\/uploads\/2025\/11\/CESAR-finalista-premio-zine-300x225.jpg 300w, https:\/\/www.cesar.org.br\/painel\/wp-content\/uploads\/2025\/11\/CESAR-finalista-premio-zine-1024x768.jpg 1024w, https:\/\/www.cesar.org.br\/painel\/wp-content\/uploads\/2025\/11\/CESAR-finalista-premio-zine-768x576.jpg 768w, https:\/\/www.cesar.org.br\/painel\/wp-content\/uploads\/2025\/11\/CESAR-finalista-premio-zine-1536x1152.jpg 1536w, https:\/\/www.cesar.org.br\/painel\/wp-content\/uploads\/2025\/11\/CESAR-finalista-premio-zine.jpg 1950w\" sizes=\"auto, (max-width: 300px) 100vw, 300px\" \/><figcaption id=\"caption-attachment-5583\" class=\"wp-caption-text\">O projeto estudantil Zine Experimental \u201cHomo Aquaticus\u201d, tamb\u00e9m desenvolvido no CESAR, \u00e9 finalista na categoria Design Editorial.<\/figcaption><\/figure>\n<p><strong>Zine Experimental \u201cHomo Aquaticus\u201d<\/strong><\/p>\n<p>A publica\u00e7\u00e3o impressa \u00e9 resultado do Trabalho de Conclus\u00e3o de Curso do designer Roberto Brito, rec\u00e9m-formado no bacharelado em Design da CESAR School. A zine atua como uma c\u00e1psula do tempo sens\u00edvel e uma tecnologia simb\u00f3lica de preserva\u00e7\u00e3o da mem\u00f3ria urbana do Recife. Ao longo de suas 72 p\u00e1ginas, o projeto experimenta o cruzamento de linguagens gr\u00e1ficas e materiais: imagens captadas em fita Hi8, postais em cianotipia, flipbook, encarte e outras camadas de registro manual. A zine celebra o anal\u00f3gico, o erro, a textura e o tempo, convidando o leitor a reaprender a experimentar a geografia humana do Recife.<\/p>\n<p>&nbsp;<\/p>\n<p>&nbsp;<\/p>\n<p>\ud83d\udca1<strong>Saiba mais sobre o FAST<\/strong><\/p>\n<p><iframe loading=\"lazy\" title=\"FAST: Transformando o ecossistema de tecnologia por meio da inclus\u00e3o e educa\u00e7\u00e3o\" width=\"500\" height=\"281\" src=\"https:\/\/www.youtube.com\/embed\/PogR5GhrboI?feature=oembed\" frameborder=\"0\" allow=\"accelerometer; autoplay; clipboard-write; encrypted-media; gyroscope; picture-in-picture; web-share\" referrerpolicy=\"strict-origin-when-cross-origin\" allowfullscreen><\/iframe><\/p>\n","protected":false},"excerpt":{"rendered":"<p>O design com prop\u00f3sito do CESAR ganhou reconhecimento nacional em dobro! O Programa FAST, desenvolvido pelo centro de inova\u00e7\u00e3o em parceria com o Minist\u00e9rio da Ci\u00eancia, Tecnologia e Inova\u00e7\u00e3o (MCTI) e a Softex, foi selecionado como finalista do Pr\u00eamio Brasileiro de Design 2025 na categoria Design de Impacto Social, subcategoria Inclus\u00e3o e Diversidade. A cerim\u00f4nia [&hellip;]<\/p>\n","protected":false},"author":15,"featured_media":5582,"comment_status":"open","ping_status":"open","sticky":false,"template":"","format":"standard","meta":{"_acf_changed":false,"inline_featured_image":false,"footnotes":""},"categories":[1],"tags":[546,547,557],"formato_noticias":[30],"class_list":["post-5578","post","type-post","status-publish","format-standard","has-post-thumbnail","hentry","category-design","tag-fast","tag-impacto-social","tag-premiacao","formato_noticias-noticias-cesar"],"acf":[],"_links":{"self":[{"href":"https:\/\/www.cesar.org.br\/painel\/wp-json\/wp\/v2\/posts\/5578","targetHints":{"allow":["GET"]}}],"collection":[{"href":"https:\/\/www.cesar.org.br\/painel\/wp-json\/wp\/v2\/posts"}],"about":[{"href":"https:\/\/www.cesar.org.br\/painel\/wp-json\/wp\/v2\/types\/post"}],"author":[{"embeddable":true,"href":"https:\/\/www.cesar.org.br\/painel\/wp-json\/wp\/v2\/users\/15"}],"replies":[{"embeddable":true,"href":"https:\/\/www.cesar.org.br\/painel\/wp-json\/wp\/v2\/comments?post=5578"}],"version-history":[{"count":6,"href":"https:\/\/www.cesar.org.br\/painel\/wp-json\/wp\/v2\/posts\/5578\/revisions"}],"predecessor-version":[{"id":5812,"href":"https:\/\/www.cesar.org.br\/painel\/wp-json\/wp\/v2\/posts\/5578\/revisions\/5812"}],"wp:featuredmedia":[{"embeddable":true,"href":"https:\/\/www.cesar.org.br\/painel\/wp-json\/wp\/v2\/media\/5582"}],"wp:attachment":[{"href":"https:\/\/www.cesar.org.br\/painel\/wp-json\/wp\/v2\/media?parent=5578"}],"wp:term":[{"taxonomy":"category","embeddable":true,"href":"https:\/\/www.cesar.org.br\/painel\/wp-json\/wp\/v2\/categories?post=5578"},{"taxonomy":"post_tag","embeddable":true,"href":"https:\/\/www.cesar.org.br\/painel\/wp-json\/wp\/v2\/tags?post=5578"},{"taxonomy":"formato_noticias","embeddable":true,"href":"https:\/\/www.cesar.org.br\/painel\/wp-json\/wp\/v2\/formato_noticias?post=5578"}],"curies":[{"name":"wp","href":"https:\/\/api.w.org\/{rel}","templated":true}]}}