{"id":5560,"date":"2025-10-28T19:11:56","date_gmt":"2025-10-28T22:11:56","guid":{"rendered":"https:\/\/www.cesar.org.br\/painel\/?p=5560"},"modified":"2025-10-28T19:39:47","modified_gmt":"2025-10-28T22:39:47","slug":"cesar-no-web-summit-lisboa-2025","status":"publish","type":"post","link":"https:\/\/www.cesar.org.br\/painel\/cesar-no-web-summit-lisboa-2025\/","title":{"rendered":"CESAR marca presen\u00e7a no Web Summit Lisboa 2025"},"content":{"rendered":"<p><span style=\"font-weight: 400;\">O CEO do CESAR, Eduardo Peixoto, ser\u00e1 um dos palestrantes do <\/span><a href=\"https:\/\/websummit.com\/\"><b>Web Summit Lisboa 2025<\/b><\/a><span style=\"font-weight: 400;\">, um dos maiores eventos de tecnologia e inova\u00e7\u00e3o do mundo, que acontece entre os dias 10 e 13 de novembro. A participa\u00e7\u00e3o est\u00e1 prevista para o dia 12 de novembro, das 15h15 \u00e0s 15h35, em um painel intitulado <\/span><i><span style=\"font-weight: 400;\">From Lisbon to Recife: shaping a Portuguese tech identity<\/span><\/i> <b>(<\/b><a href=\"https:\/\/websummit.com\/sessions\/lis25\/89a0647c-54c4-42ae-bad8-623c7604b6ad\/from-lisbon-to-rio-shaping-a-portuguese-tech-identity\/\"><b>De Lisboa ao Recife: moldando uma identidade tecnol\u00f3gica portuguesa<\/b><\/a><span style=\"font-weight: 400;\">),\u00a0 ao lado do presidente do Porto Digital, Pierre Lucena.<\/span><\/p>\n<p><span style=\"font-weight: 400;\">A sess\u00e3o vai explorar como Brasil e Portugal v\u00eam fortalecendo la\u00e7os na constru\u00e7\u00e3o de uma cultura de inova\u00e7\u00e3o compartilhada, baseada em criatividade, colabora\u00e7\u00e3o e l\u00edngua portuguesa. A conversa tamb\u00e9m pretende destacar o papel do ecossistema lus\u00f3fono na consolida\u00e7\u00e3o de um ambiente digital pr\u00f3prio, com impacto global e caracter\u00edsticas culturais \u00fanicas.<\/span><\/p>\n<p><span style=\"font-weight: 400;\">A presen\u00e7a do CESAR no evento refor\u00e7a o protagonismo da institui\u00e7\u00e3o no cen\u00e1rio internacional de tecnologia e inova\u00e7\u00e3o. O <\/span><b>CESAR Europa<\/b><span style=\"font-weight: 400;\">, localizado no <\/span><b>Cais do Porto<\/b><span style=\"font-weight: 400;\">, em Aveiro, opera\u00e7\u00e3o do Porto Digital na regi\u00e3o, funciona como um hub estrat\u00e9gico para o fortalecimento da c<\/span><span style=\"font-weight: 400;\">oopera\u00e7\u00e3o cient\u00edfica internacional Brasileira, gerando conex\u00f5es entre centros de pesquisa que est\u00e3o fazendo inova\u00e7\u00e3o ao redor do mundo. <\/span><span style=\"font-weight: 400;\">Aveiro foi escolhida por sua voca\u00e7\u00e3o tecnol\u00f3gica e por ser uma base estrat\u00e9gica para deslocamentos a outras regi\u00f5es de Portugal.\u00a0<\/span><\/p>\n<p><span style=\"font-weight: 400;\">\u201cO CESAR Europa \u00e9 um marco na estrat\u00e9gia de expans\u00e3o do CESAR, para a constru\u00e7\u00e3o de uma rede de educa\u00e7\u00e3o e inova\u00e7\u00e3o com integrantes em diversos continentes\u201d, afirmou Eduardo Peixoto, CEO do CESAR. \u201c\u00c9 uma oportunidade para aprendermos e ampliarmos o conhecimento a partir de outras realidades\u201d, acrescentou.<\/span><\/p>\n<figure id=\"attachment_5562\" aria-describedby=\"caption-attachment-5562\" style=\"width: 1024px\" class=\"wp-caption aligncenter\"><img loading=\"lazy\" decoding=\"async\" class=\"wp-image-5562 size-large\" src=\"https:\/\/www.cesar.org.br\/painel\/wp-content\/uploads\/2025\/10\/IMG_5089-1024x768.jpeg\" alt=\"CESAR no Web Summit Rio 2025\" width=\"1024\" height=\"768\" srcset=\"https:\/\/www.cesar.org.br\/painel\/wp-content\/uploads\/2025\/10\/IMG_5089-1024x768.jpeg 1024w, https:\/\/www.cesar.org.br\/painel\/wp-content\/uploads\/2025\/10\/IMG_5089-300x225.jpeg 300w, https:\/\/www.cesar.org.br\/painel\/wp-content\/uploads\/2025\/10\/IMG_5089-768x576.jpeg 768w, https:\/\/www.cesar.org.br\/painel\/wp-content\/uploads\/2025\/10\/IMG_5089-1536x1152.jpeg 1536w, https:\/\/www.cesar.org.br\/painel\/wp-content\/uploads\/2025\/10\/IMG_5089.jpeg 2048w\" sizes=\"auto, (max-width: 1024px) 100vw, 1024px\" \/><figcaption id=\"caption-attachment-5562\" class=\"wp-caption-text\">O CESAR destacou o protagonismo do Brasil em inova\u00e7\u00e3o no Web Summit Rio 2025<\/figcaption><\/figure>\n<p><span style=\"font-weight: 400;\"><br \/>\n<\/span><b>Participa\u00e7\u00e3o no Web Summit Rio 2025<br \/>\n<\/b><\/p>\n<p><span style=\"font-weight: 400;\">Em abril deste ano, o CESAR participou do Web Summit Rio 2025, onde destacou o protagonismo do Brasil em inova\u00e7\u00e3o, abordando temas como Intelig\u00eancia Artificial, ciberseguran\u00e7a e transforma\u00e7\u00e3o digital. Especialistas do centro apresentaram casos de sucesso, participaram de pain\u00e9is e masterclasses, e expuseram prot\u00f3tipos como o Batom Inteligente, parceria com o Grupo Botic\u00e1rio. O estande do CESAR tamb\u00e9m ofereceu acesso \u00e0 vers\u00e3o digital da <\/span><a href=\"https:\/\/materiais.cesar.org.br\/cesar-spotlight-secure-horizons-br\"><span style=\"font-weight: 400;\">revista Spotlight \u2013 Secure Horizons<\/span><\/a><span style=\"font-weight: 400;\">.<\/span><\/p>\n<p><b><span style=\"font-weight: 400;\">Nesta edi\u00e7\u00e3o, Eduardo Peixoto subiu ao palco do Developers Summit para uma entrevista com Ania Lichtarowicz, managing director e editor da Earth Productions, refor\u00e7ando o protagonismo da institui\u00e7\u00e3o na cena internacional de tecnologia e inova\u00e7\u00e3o: <\/span><a href=\"https:\/\/youtu.be\/TAvcMEsTtSY\"><span style=\"font-weight: 400;\">clique e confira<\/span><\/a><span style=\"font-weight: 400;\">.<\/span><\/b><\/p>\n","protected":false},"excerpt":{"rendered":"<p>O CEO do CESAR, Eduardo Peixoto, ser\u00e1 um dos palestrantes do Web Summit Lisboa 2025, um dos maiores eventos de tecnologia e inova\u00e7\u00e3o do mundo, que acontece entre os dias 10 e 13 de novembro. A participa\u00e7\u00e3o est\u00e1 prevista para o dia 12 de novembro, das 15h15 \u00e0s 15h35, em um painel intitulado From Lisbon [&hellip;]<\/p>\n","protected":false},"author":17,"featured_media":5561,"comment_status":"open","ping_status":"open","sticky":false,"template":"","format":"standard","meta":{"_acf_changed":false,"inline_featured_image":false,"footnotes":""},"categories":[598],"tags":[542,543,541],"formato_noticias":[30],"class_list":["post-5560","post","type-post","status-publish","format-standard","has-post-thumbnail","hentry","category-mobilidade","tag-cesar","tag-cesar-europa","tag-web-summit-lisboa","formato_noticias-noticias-cesar"],"acf":[],"_links":{"self":[{"href":"https:\/\/www.cesar.org.br\/painel\/wp-json\/wp\/v2\/posts\/5560","targetHints":{"allow":["GET"]}}],"collection":[{"href":"https:\/\/www.cesar.org.br\/painel\/wp-json\/wp\/v2\/posts"}],"about":[{"href":"https:\/\/www.cesar.org.br\/painel\/wp-json\/wp\/v2\/types\/post"}],"author":[{"embeddable":true,"href":"https:\/\/www.cesar.org.br\/painel\/wp-json\/wp\/v2\/users\/17"}],"replies":[{"embeddable":true,"href":"https:\/\/www.cesar.org.br\/painel\/wp-json\/wp\/v2\/comments?post=5560"}],"version-history":[{"count":4,"href":"https:\/\/www.cesar.org.br\/painel\/wp-json\/wp\/v2\/posts\/5560\/revisions"}],"predecessor-version":[{"id":5566,"href":"https:\/\/www.cesar.org.br\/painel\/wp-json\/wp\/v2\/posts\/5560\/revisions\/5566"}],"wp:featuredmedia":[{"embeddable":true,"href":"https:\/\/www.cesar.org.br\/painel\/wp-json\/wp\/v2\/media\/5561"}],"wp:attachment":[{"href":"https:\/\/www.cesar.org.br\/painel\/wp-json\/wp\/v2\/media?parent=5560"}],"wp:term":[{"taxonomy":"category","embeddable":true,"href":"https:\/\/www.cesar.org.br\/painel\/wp-json\/wp\/v2\/categories?post=5560"},{"taxonomy":"post_tag","embeddable":true,"href":"https:\/\/www.cesar.org.br\/painel\/wp-json\/wp\/v2\/tags?post=5560"},{"taxonomy":"formato_noticias","embeddable":true,"href":"https:\/\/www.cesar.org.br\/painel\/wp-json\/wp\/v2\/formato_noticias?post=5560"}],"curies":[{"name":"wp","href":"https:\/\/api.w.org\/{rel}","templated":true}]}}