{"id":5486,"date":"2025-10-22T10:46:44","date_gmt":"2025-10-22T13:46:44","guid":{"rendered":"https:\/\/www.cesar.org.br\/painel\/?p=5486"},"modified":"2026-03-25T10:38:45","modified_gmt":"2026-03-25T13:38:45","slug":"principais-insights-do-cesar-e-da-cesar-school-no-recnplay-2025-tecnologia-educacao-e-o-futuro-feito-por-gente","status":"publish","type":"post","link":"https:\/\/www.cesar.org.br\/painel\/principais-insights-do-cesar-e-da-cesar-school-no-recnplay-2025-tecnologia-educacao-e-o-futuro-feito-por-gente\/","title":{"rendered":"Principais insights do CESAR e da CESAR School no REC\u2019n\u2019Play 2025: tecnologia, educa\u00e7\u00e3o e o futuro feito por gente"},"content":{"rendered":"<p>Durante o REC\u2019n\u2019Play 2025, as ruas hist\u00f3ricas do Bairro do Recife se transformaram em um organismo vivo, um espa\u00e7o onde ideias caminham lado a lado com pessoas e a tecnologia encontra abrigo naquilo que h\u00e1 de mais humano.<\/p>\n<p>O tema deste ano, \u201cO futuro feito por gente\u201d, poderia soar apenas como um slogan, mas ali ganhou corpo &#8211; e muitas vozes. Foram mais de 80 mil visitantes circulando pelo bairro ao longo dos quatro dias de festival, em um movimento constante de trocas, descobertas e experimenta\u00e7\u00f5es. Em um tempo em que o mundo parece acelerar sem pausa, lembrar que o futuro ainda nasce do encontro, da escuta e da curiosidade \u00e9 colocar novamente o humano no centro da transforma\u00e7\u00e3o.<\/p>\n<p>O CESAR e a CESAR School chegaram a esse territ\u00f3rio n\u00e3o apenas para mostrar o que fazem, mas para compartilhar caminhos, provocar perguntas e aprender junto. Ao longo da programa\u00e7\u00e3o, reunimos clientes e parceiros de diferentes setores, como Petrobras, Banco do Brasil, Stellantis, Tallos e Banco do Nordeste, para debater temas atuais e urgentes sobre novas tecnologias, inclus\u00e3o, seguran\u00e7a cibern\u00e9tica e sustentabilidade.<\/p>\n<figure id=\"attachment_5490\" aria-describedby=\"caption-attachment-5490\" style=\"width: 225px\" class=\"wp-caption alignleft\"><img loading=\"lazy\" decoding=\"async\" class=\"size-medium wp-image-5490\" src=\"https:\/\/www.cesar.org.br\/painel\/wp-content\/uploads\/2025\/10\/Arena-robos-RECNPLAY-robotica-CESAR-225x300.jpeg\" alt=\"O Rob\u00f4 Cesinha fez sucesso no REC'n'Play\" width=\"225\" height=\"300\" srcset=\"https:\/\/www.cesar.org.br\/painel\/wp-content\/uploads\/2025\/10\/Arena-robos-RECNPLAY-robotica-CESAR-225x300.jpeg 225w, https:\/\/www.cesar.org.br\/painel\/wp-content\/uploads\/2025\/10\/Arena-robos-RECNPLAY-robotica-CESAR-768x1024.jpeg 768w, https:\/\/www.cesar.org.br\/painel\/wp-content\/uploads\/2025\/10\/Arena-robos-RECNPLAY-robotica-CESAR-1152x1536.jpeg 1152w, https:\/\/www.cesar.org.br\/painel\/wp-content\/uploads\/2025\/10\/Arena-robos-RECNPLAY-robotica-CESAR.jpeg 1200w\" sizes=\"auto, (max-width: 225px) 100vw, 225px\" \/><figcaption id=\"caption-attachment-5490\" class=\"wp-caption-text\">A Arena de Rob\u00f4s promoveu combates eletrizantes com estudantes de diferentes categorias!<\/figcaption><\/figure>\n<p>Tamb\u00e9m promovemos, em parceria com o SESI-PE, a Arena de Rob\u00f4s, onde estudantes competiram de forma colaborativa em diferentes modalidades de rob\u00f3tica. E quem roubou a cena foi o humanoide Cesinha, que encantou o p\u00fablico com passos de dan\u00e7a e intera\u00e7\u00f5es divertidas.<\/p>\n<p>Estivemos ainda na Arena de Neg\u00f3cios, com um estande da plataforma Dates, ampliando conex\u00f5es com startups na frente de Tech Venture Building do CESAR. Algumas investidas do nosso portf\u00f3lio, como a Atabaque e a Gest\u00e3o DS, tamb\u00e9m marcaram presen\u00e7a na programa\u00e7\u00e3o do espa\u00e7o dedicado ao networking e \u00e0 articula\u00e7\u00e3o de novas oportunidades.<\/p>\n<p>Pela primeira vez, o Colabora, iniciativa do time de Design do CESAR, integrou a programa\u00e7\u00e3o do festival, oferecendo atividades gratuitas voltadas a pensar solu\u00e7\u00f5es para \u201cadiar o fim do mundo\u201d. Al\u00e9m disso, participamos de pain\u00e9is e de uma bancada interativa na Arena de Inova\u00e7\u00e3o, que apresentou projetos de inclus\u00e3o tecnol\u00f3gica desenvolvidos por estudantes.<\/p>\n<p>\ud83d\udd17 Leia tamb\u00e9m: <a href=\"https:\/\/www.cesar.org.br\/w\/cesar-no-recnplay-2025\">Gente, Escolhas e Futuro: CESAR e CESAR School no REC\u2019n\u2019Play 2025<\/a><\/p>\n<p>Ao todo, foram mais de 40 atividades entre oficinas, pain\u00e9is e conversas que atravessaram temas como intelig\u00eancia artificial, sustentabilidade, design, lideran\u00e7a e educa\u00e7\u00e3o , todas guiadas por uma mesma pergunta: como a tecnologia pode ampliar, e n\u00e3o diminuir, o humano?<\/p>\n<p>A seguir, reunimos os principais aprendizados dessa travessia.<\/p>\n<p><strong><span class=\"x19la9d6 x1fc57z9 x6ikm8r x10wlt62 x19co3pv x11tp94h xfibh0p xiy17q3 x1xsqp64 x1lkfr7t xexx8yu xyri2b x18d9i69 x1c1uobl\"><span class=\"xrtxmta x1bhl96m\">\ud83d\udca1<\/span><\/span>Ecossistemas e internacionaliza\u00e7\u00e3o: do local ao global<\/strong><\/p>\n<figure id=\"attachment_5492\" aria-describedby=\"caption-attachment-5492\" style=\"width: 300px\" class=\"wp-caption alignleft\"><img loading=\"lazy\" decoding=\"async\" class=\"wp-image-5492 size-medium\" src=\"https:\/\/www.cesar.org.br\/painel\/wp-content\/uploads\/2025\/10\/Eduardo-Peixoto-painel-RECNPLAY-300x200.jpg\" alt=\"\" width=\"300\" height=\"200\" srcset=\"https:\/\/www.cesar.org.br\/painel\/wp-content\/uploads\/2025\/10\/Eduardo-Peixoto-painel-RECNPLAY-300x200.jpg 300w, https:\/\/www.cesar.org.br\/painel\/wp-content\/uploads\/2025\/10\/Eduardo-Peixoto-painel-RECNPLAY-1024x683.jpg 1024w, https:\/\/www.cesar.org.br\/painel\/wp-content\/uploads\/2025\/10\/Eduardo-Peixoto-painel-RECNPLAY-768x512.jpg 768w, https:\/\/www.cesar.org.br\/painel\/wp-content\/uploads\/2025\/10\/Eduardo-Peixoto-painel-RECNPLAY-1536x1024.jpg 1536w, https:\/\/www.cesar.org.br\/painel\/wp-content\/uploads\/2025\/10\/Eduardo-Peixoto-painel-RECNPLAY-2048x1365.jpg 2048w\" sizes=\"auto, (max-width: 300px) 100vw, 300px\" \/><figcaption id=\"caption-attachment-5492\" class=\"wp-caption-text\">O CEO do CESAR, Eduardo Peixoto, participou do painel e falou sobre a relev\u00e2ncia do centro de tecnologia ao estabelecer pontes entre o local e o global.<\/figcaption><\/figure>\n<p>Os ecossistemas brasileiros t\u00eam amadurecido com o apoio de pol\u00edticas p\u00fablicas, incubadoras e programas de internacionaliza\u00e7\u00e3o. Startups j\u00e1 nascem com voca\u00e7\u00e3o global, conectando o Brasil a mercados como Portugal, Coreia e M\u00e9xico.<\/p>\n<p>O Porto Digital \u00e9 um dos protagonistas dessa transforma\u00e7\u00e3o. Al\u00e9m de ser refer\u00eancia em inova\u00e7\u00e3o nacional, vem fortalecendo sua presen\u00e7a internacional por meio de iniciativas como o Porto Digital Europa, em Aveiro, e parcerias estrat\u00e9gicas que ampliam o alcance das startups<\/p>\n<p>&nbsp;<\/p>\n<p>&nbsp;<\/p>\n<p>&nbsp;<\/p>\n<blockquote><p>\u201cQuando a gente trabalha em rede, a propaga\u00e7\u00e3o do que estamos fazendo cresce exponencialmente.\u201d (Eduardo Peixoto, CEO do CESAR)<\/p><\/blockquote>\n<p><strong><span class=\"x19la9d6 x1fc57z9 x6ikm8r x10wlt62 x19co3pv x11tp94h xfibh0p xiy17q3 x1xsqp64 x1lkfr7t xexx8yu xyri2b x18d9i69 x1c1uobl\"><span class=\"xrtxmta x1bhl96m\">\ud83d\udca1 <\/span><\/span>Design e inova\u00e7\u00e3o organizacional<\/strong><\/p>\n<p>Em ambientes complexos, o design atua como tradutor, mediador e estrategista.<br \/>\nMais do que est\u00e9tica, o design \u00e9 uma infraestrutura de entendimento, que ajuda a clarear o problema antes de pensar na solu\u00e7\u00e3o.<\/p>\n<p>O designer \u00e9 o elo entre diferentes \u00e1reas ao reduzir ru\u00eddos, facilitar o di\u00e1logo e garantir que todos enxerguem o mesmo desafio. Ferramentas como o mapa de problema permitem identificar causas, efeitos e atores envolvidos, evitando sobreposi\u00e7\u00e3o de iniciativas.<\/p>\n<p>Empresas maduras j\u00e1 entendem o valor do \u201cdesign first\u201d: colocar o design na concep\u00e7\u00e3o estrat\u00e9gica, e n\u00e3o apenas na entrega final.<\/p>\n<p><span class=\"x19la9d6 x1fc57z9 x6ikm8r x10wlt62 x19co3pv x11tp94h xfibh0p xiy17q3 x1xsqp64 x1lkfr7t xexx8yu xyri2b x18d9i69 x1c1uobl\"><span class=\"xrtxmta x1bhl96m\">\ud83d\udca1<\/span><\/span><strong>Lideran\u00e7a e inova\u00e7\u00e3o nas grandes empresas<\/strong><\/p>\n<p>A inova\u00e7\u00e3o nas grandes corpora\u00e7\u00f5es nasce de tr\u00eas pilares: humildade, m\u00e9todo e seguran\u00e7a psicol\u00f3gica.<\/p>\n<p>&#8211; <em>Humildade e colabora\u00e7\u00e3o:<\/em> reconhecer que boas ideias surgem tamb\u00e9m fora dos muros da empresa;<br \/>\n&#8211; <em>Governan\u00e7a da inova\u00e7\u00e3o:<\/em> inova\u00e7\u00e3o n\u00e3o deve ser ca\u00f3tica, ela precisa de m\u00e9todo e prop\u00f3sito;<br \/>\n&#8211; <em>Intraempreendedorismo:<\/em> sandboxes e programas internos permitem testar novas ideias com seguran\u00e7a, estimulando uma cultura de experimenta\u00e7\u00e3o.<\/p>\n<p><span class=\"x19la9d6 x1fc57z9 x6ikm8r x10wlt62 x19co3pv x11tp94h xfibh0p xiy17q3 x1xsqp64 x1lkfr7t xexx8yu xyri2b x18d9i69 x1c1uobl\"><span class=\"xrtxmta x1bhl96m\">\ud83d\udca1<\/span><\/span><strong>Neg\u00f3cios, educa\u00e7\u00e3o e tecnologia: o profissional do futuro<\/strong><\/p>\n<p>O futuro do trabalho \u00e9 h\u00edbrido: t\u00e9cnico, estrat\u00e9gico e humano.<\/p>\n<p>&#8211; <em>Tecnologia \u00e9 compet\u00eancia transversal:<\/em> toda profiss\u00e3o exige dom\u00ednio digital;<br \/>\n&#8211; <em>Gestores h\u00edbridos:<\/em> equilibram a profundidade t\u00e9cnica com vis\u00e3o sist\u00eamica;<br \/>\n&#8211; <em>Educa\u00e7\u00e3o integrada ao mercado:<\/em> formar pessoas que \u201caprendem a aprender\u201d;<br \/>\n&#8211; <em>Tecnologia com prop\u00f3sito humano:<\/em> IA deve ampliar o pensamento cr\u00edtico, n\u00e3o substitu\u00ed-lo.<\/p>\n<p><strong>O futuro pertence a l\u00edderes emp\u00e1ticos, criativos e anal\u00edticos, capazes de equilibrar automa\u00e7\u00e3o e humanidade. <a href=\"https:\/\/www.cesar.school\/graduacao\/adm-tech\/\">Conhe\u00e7a a nova gradua\u00e7\u00e3o da CESAR School: ADM Tech!<\/a><\/strong><\/p>\n<p><strong><span class=\"x19la9d6 x1fc57z9 x6ikm8r x10wlt62 x19co3pv x11tp94h xfibh0p xiy17q3 x1xsqp64 x1lkfr7t xexx8yu xyri2b x18d9i69 x1c1uobl\"><span class=\"xrtxmta x1bhl96m\">\ud83d\udca1<\/span><\/span>Ciberseguran\u00e7a e IA: o novo campo de batalha digital<\/strong><\/p>\n<p>A ciberseguran\u00e7a do futuro exige \u00e9tica, preparo e cultura organizacional s\u00f3lida.<\/p>\n<p>&#8211; <em>IA ofensiva x IA defensiva:<\/em> ataques est\u00e3o mais sofisticados e acess\u00edveis, enquanto as defesas precisam amadurecer;<br \/>\nParadoxo at\u00e9 2028: quanto mais cresce a IA ofensiva, mais cresce a defensiva;<br \/>\n&#8211; <em>O b\u00e1sico ainda \u00e9 essencial<\/em>: muitas falhas v\u00eam de descuido estrutural, n\u00e3o de falta de investimento.<\/p>\n<figure id=\"attachment_5496\" aria-describedby=\"caption-attachment-5496\" style=\"width: 300px\" class=\"wp-caption alignright\"><img loading=\"lazy\" decoding=\"async\" class=\"wp-image-5496 size-medium\" src=\"https:\/\/www.cesar.org.br\/painel\/wp-content\/uploads\/2025\/10\/RNP25_15_Meios-de-pagamento-no-Brasil-06-300x169.jpg\" alt=\"A revolu\u00e7\u00e3o da hiperpersonaliza\u00e7\u00e3o no setor financeiro esteve em pauta no REC'n'Play\" width=\"300\" height=\"169\" srcset=\"https:\/\/www.cesar.org.br\/painel\/wp-content\/uploads\/2025\/10\/RNP25_15_Meios-de-pagamento-no-Brasil-06-300x169.jpg 300w, https:\/\/www.cesar.org.br\/painel\/wp-content\/uploads\/2025\/10\/RNP25_15_Meios-de-pagamento-no-Brasil-06-1024x576.jpg 1024w, https:\/\/www.cesar.org.br\/painel\/wp-content\/uploads\/2025\/10\/RNP25_15_Meios-de-pagamento-no-Brasil-06-768x432.jpg 768w, https:\/\/www.cesar.org.br\/painel\/wp-content\/uploads\/2025\/10\/RNP25_15_Meios-de-pagamento-no-Brasil-06-1536x864.jpg 1536w, https:\/\/www.cesar.org.br\/painel\/wp-content\/uploads\/2025\/10\/RNP25_15_Meios-de-pagamento-no-Brasil-06.jpg 1620w\" sizes=\"auto, (max-width: 300px) 100vw, 300px\" \/><figcaption id=\"caption-attachment-5496\" class=\"wp-caption-text\">A revolu\u00e7\u00e3o da hiperpersonaliza\u00e7\u00e3o no setor financeiro esteve em pauta no REC&#8217;n&#8217;Play<\/figcaption><\/figure>\n<p><span class=\"x19la9d6 x1fc57z9 x6ikm8r x10wlt62 x19co3pv x11tp94h xfibh0p xiy17q3 x1xsqp64 x1lkfr7t xexx8yu xyri2b x18d9i69 x1c1uobl\"><span class=\"xrtxmta x1bhl96m\">\ud83d\udca1<\/span><\/span><strong>Fintechs e experi\u00eancia do cliente: a revolu\u00e7\u00e3o da hiperpersonaliza\u00e7\u00e3o<\/strong><\/p>\n<p>A IA est\u00e1 redesenhando a forma de validar dados, detectar fraudes e, ao mesmo tempo, preservar a fluidez da experi\u00eancia.<br \/>\nA hiperpersonaliza\u00e7\u00e3o foi outro destaque:<\/p>\n<p>&#8211; Vai al\u00e9m da segmenta\u00e7\u00e3o tradicional, entendendo cada cliente de forma individual;<br \/>\nExige integra\u00e7\u00e3o entre tecnologia, cultura e capacita\u00e7\u00e3o de equipes;<br \/>\n&#8211; O Banco do Brasil mostrou como mais de 60 milh\u00f5es de usu\u00e1rios j\u00e1 personalizam a experi\u00eancia dentro do app.<\/p>\n<p>A chave est\u00e1 em aliar seguran\u00e7a e empatia digital.<\/p>\n<p><strong><span class=\"x19la9d6 x1fc57z9 x6ikm8r x10wlt62 x19co3pv x11tp94h xfibh0p xiy17q3 x1xsqp64 x1lkfr7t xexx8yu xyri2b x18d9i69 x1c1uobl\"><span class=\"xrtxmta x1bhl96m\">\ud83d\udca1 <\/span><\/span>Mobilidade e economia circular: nada se perde, tudo se transforma<\/strong><\/p>\n<p>A economia circular foi debatida como a nova fronteira da competitividade automotiva.<br \/>\nInspirado por pr\u00e1ticas europeias, o setor busca equilibrar sustentabilidade ambiental e viabilidade financeira.<\/p>\n<p>&#8211; <em>Os pilares da circularidade:<\/em> pol\u00edticas p\u00fablicas, infraestrutura e comportamento;<br \/>\n&#8211; Oportunidades surgem em log\u00edstica reversa e rastreabilidade de pe\u00e7as.<\/p>\n<blockquote><p>\u201cEconomia s\u00f3 \u00e9 desenvolvimento quando valoriza o meio ambiente e reduz desigualdades.\u201d (Ana Luiza Ferreira, ADEPE)<\/p><\/blockquote>\n<p><strong><span class=\"x19la9d6 x1fc57z9 x6ikm8r x10wlt62 x19co3pv x11tp94h xfibh0p xiy17q3 x1xsqp64 x1lkfr7t xexx8yu xyri2b x18d9i69 x1c1uobl\"><span class=\"xrtxmta x1bhl96m\">\ud83d\udca1 <\/span><\/span>Computa\u00e7\u00e3o qu\u00e2ntica<\/strong><\/p>\n<p>Os desafios do Brasil em Computa\u00e7\u00e3o Qu\u00e2ntica envolvem a escassez de profissionais qualificados e a necessidade de investimentos coordenados. Ainda assim, o cen\u00e1rio \u00e9 promissor, impulsionado pela forma\u00e7\u00e3o de talentos e pela conex\u00e3o entre academia e mercado.<\/p>\n<p><a href=\"https:\/\/www.linkedin.com\/posts\/cesar_cesar-e-instituto-eldorado-brazil-quantum-activity-7382073772280815616-ALHO?utm_source=share&amp;utm_medium=member_desktop&amp;rcm=ACoAACGtqeIB5Gz2octqN6LRHtM2wZ10Ugxk4zI\">O Brazil Quantum Camp<\/a>, programa liderado pelo CESAR e pelo Instituto Eldorado, mostra como o pa\u00eds deixou de ser um \u201cexclu\u00eddo qu\u00e2ntico\u201d para se tornar parte ativa desse ecossistema.<\/p>\n<p><strong><span class=\"x19la9d6 x1fc57z9 x6ikm8r x10wlt62 x19co3pv x11tp94h xfibh0p xiy17q3 x1xsqp64 x1lkfr7t xexx8yu xyri2b x18d9i69 x1c1uobl\"><span class=\"xrtxmta x1bhl96m\">\ud83d\udca1 <\/span><\/span>Soft skills na era da IA: o que as m\u00e1quinas ainda n\u00e3o fazem<\/strong><\/p>\n<p>Mesmo com os avan\u00e7os da intelig\u00eancia artificial, habilidades como empatia, comunica\u00e7\u00e3o, criatividade e \u00e9tica seguem sendo territ\u00f3rio humano. A IA pode ampliar o alcance dessas compet\u00eancias, mas \u00e9 o julgamento humano que continua dando dire\u00e7\u00e3o e sentido ao uso da tecnologia.<\/p>\n","protected":false},"excerpt":{"rendered":"<p>Durante o REC\u2019n\u2019Play 2025, as ruas hist\u00f3ricas do Bairro do Recife se transformaram em um organismo vivo, um espa\u00e7o onde ideias caminham lado a lado com pessoas e a tecnologia encontra abrigo naquilo que h\u00e1 de mais humano. O tema deste ano, \u201cO futuro feito por gente\u201d, poderia soar apenas como um slogan, mas ali [&hellip;]<\/p>\n","protected":false},"author":15,"featured_media":5510,"comment_status":"open","ping_status":"open","sticky":false,"template":"","format":"standard","meta":{"_acf_changed":false,"inline_featured_image":false,"footnotes":""},"categories":[2,4,5],"tags":[163,354,533],"formato_noticias":[30],"class_list":["post-5486","post","type-post","status-publish","format-standard","has-post-thumbnail","hentry","category-educacao","category-pessoas","category-tecnologia","tag-inovacao","tag-inteligencia-artificial","tag-recnplay","formato_noticias-noticias-cesar"],"acf":[],"_links":{"self":[{"href":"https:\/\/www.cesar.org.br\/painel\/wp-json\/wp\/v2\/posts\/5486","targetHints":{"allow":["GET"]}}],"collection":[{"href":"https:\/\/www.cesar.org.br\/painel\/wp-json\/wp\/v2\/posts"}],"about":[{"href":"https:\/\/www.cesar.org.br\/painel\/wp-json\/wp\/v2\/types\/post"}],"author":[{"embeddable":true,"href":"https:\/\/www.cesar.org.br\/painel\/wp-json\/wp\/v2\/users\/15"}],"replies":[{"embeddable":true,"href":"https:\/\/www.cesar.org.br\/painel\/wp-json\/wp\/v2\/comments?post=5486"}],"version-history":[{"count":15,"href":"https:\/\/www.cesar.org.br\/painel\/wp-json\/wp\/v2\/posts\/5486\/revisions"}],"predecessor-version":[{"id":5585,"href":"https:\/\/www.cesar.org.br\/painel\/wp-json\/wp\/v2\/posts\/5486\/revisions\/5585"}],"wp:featuredmedia":[{"embeddable":true,"href":"https:\/\/www.cesar.org.br\/painel\/wp-json\/wp\/v2\/media\/5510"}],"wp:attachment":[{"href":"https:\/\/www.cesar.org.br\/painel\/wp-json\/wp\/v2\/media?parent=5486"}],"wp:term":[{"taxonomy":"category","embeddable":true,"href":"https:\/\/www.cesar.org.br\/painel\/wp-json\/wp\/v2\/categories?post=5486"},{"taxonomy":"post_tag","embeddable":true,"href":"https:\/\/www.cesar.org.br\/painel\/wp-json\/wp\/v2\/tags?post=5486"},{"taxonomy":"formato_noticias","embeddable":true,"href":"https:\/\/www.cesar.org.br\/painel\/wp-json\/wp\/v2\/formato_noticias?post=5486"}],"curies":[{"name":"wp","href":"https:\/\/api.w.org\/{rel}","templated":true}]}}