{"id":5385,"date":"2025-10-13T16:21:21","date_gmt":"2025-10-13T19:21:21","guid":{"rendered":"https:\/\/www.cesar.org.br\/painel\/?p=5385"},"modified":"2025-10-13T16:21:21","modified_gmt":"2025-10-13T19:21:21","slug":"cesar-leva-pesquisa-aplicada-em-parceria-com-a-motorola-para-o-ieee-icce-berlin-2025","status":"publish","type":"post","link":"https:\/\/www.cesar.org.br\/painel\/cesar-leva-pesquisa-aplicada-em-parceria-com-a-motorola-para-o-ieee-icce-berlin-2025\/","title":{"rendered":"CESAR leva pesquisa aplicada em parceria com a Motorola para o IEEE ICCE Berlin 2025"},"content":{"rendered":"<p><i><span style=\"font-weight: 400;\">Por Walter Seiffert Sim\u00f5es, Technical Software Manager Educator do CESAR Manaus<\/span><\/i><\/p>\n<p><span style=\"font-weight: 400;\">Recebi, ao lado da Mestre em Ci\u00eancia da Computa\u00e7\u00e3o M\u00e1rcia de S\u00e1, colega de trabalho no WISL\/Motorola em Manaus, um desafio instigante: investigar como automatizar um processo de identifica\u00e7\u00e3o de falhas na transmiss\u00e3o de m\u00eddias entre smartphones e outras telas, como televisores (WISL &#8211; Wi-Fi, Sensors, Location).<\/span><\/p>\n<p><span style=\"font-weight: 400;\">Tradicionalmente, a Motorola j\u00e1 possu\u00eda um protocolo para essa valida\u00e7\u00e3o, baseado em testes manuais. Um operador humano precisava observar simultaneamente as duas telas (a do smartphone e a da TV) e registrar qualquer diferen\u00e7a visual percebida. O m\u00e9todo, no entanto, trazia duas limita\u00e7\u00f5es significativas:<\/span><\/p>\n<ol>\n<li style=\"font-weight: 400;\" aria-level=\"1\"><span style=\"font-weight: 400;\">Alguns erros ocorriam em fra\u00e7\u00f5es de segundo, mais r\u00e1pido que um piscar de olhos, o que dificultava a captura pelo observador.<\/span><\/li>\n<li style=\"font-weight: 400;\" aria-level=\"1\"><span style=\"font-weight: 400;\">Quando diferentes operadores avaliavam a mesma m\u00eddia, os relat\u00f3rios frequentemente apresentavam diverg\u00eancias.<\/span><\/li>\n<\/ol>\n<p><span style=\"font-weight: 400;\">Com isso, iniciamos uma pesquisa sobre modelos de percep\u00e7\u00e3o de similaridade entre v\u00eddeos e analisamos como o canal utilizado, no caso, o Wi-Fi, influenciava o conte\u00fado transmitido. O trabalho resultou em um projeto de inova\u00e7\u00e3o para a Motorola e, ao mesmo tempo, em uma investiga\u00e7\u00e3o cient\u00edfica conduzida por mim e por M\u00e1rcia.<\/span><\/p>\n<p><b>\ud83d\udd17 Leia tamb\u00e9m:<\/b> <a href=\"https:\/\/www.cesar.org.br\/w\/cesar-e-motorola-ajudam-a-manter-celulares-mais-seguros\"><span style=\"font-weight: 400;\">CESAR e Motorola ajudam a manter celulares mais seguros<\/span><\/a><\/p>\n<h2><b>Do laborat\u00f3rio \u00e0 comunidade cient\u00edfica internacional<\/b><\/h2>\n<p><span style=\"font-weight: 400;\">Sou membro do <\/span><a href=\"https:\/\/www.ieee.org\/\"><span style=\"font-weight: 400;\">IEEE <\/span><\/a><span style=\"font-weight: 400;\">(Institute of Electrical and Electronics Engineers) desde 2014, e sempre fui incentivado pelo meu orientador a submeter pesquisas aplicadas ao <\/span><a href=\"https:\/\/icce.org\/2026\/\"><b>IEEE ICCE <\/b><\/a><b>(International Conference on Consumer Electronics)<\/b><span style=\"font-weight: 400;\">, o principal evento global de lan\u00e7amento de novos prot\u00f3tipos e produtos nas \u00e1reas de eletr\u00f4nica, computa\u00e7\u00e3o, games, telecomunica\u00e7\u00f5es e mobilidade. O ICCE organiza tr\u00eas grandes encontros anuais: em janeiro, em Las Vegas; em setembro, em Berlim; e em novembro, na China.<\/span><\/p>\n<p><span style=\"font-weight: 400;\">Entre 2014 e 2020, participei das tr\u00eas edi\u00e7\u00f5es, mas passei os \u00faltimos cinco anos afastado do evento por estar envolvido com outra linha de pesquisa, dentro do meu p\u00f3s-doutorado em Neuro-Simb\u00f3lica na Universidade de Munique (Alemanha), na \u00e1rea de HealthCare.<\/span><\/p>\n<p><span style=\"font-weight: 400;\">Diante dos resultados alcan\u00e7ados em nossa pesquisa na Motorola, sugeri \u00e0 M\u00e1rcia que submet\u00eassemos o trabalho ao ICCE Berlin 2025. Em julho deste ano, recebemos a not\u00edcia da aceita\u00e7\u00e3o do artigo, intitulado <\/span><b>\u201cQualitative analysis of video streamed from smartphones to TV using SSIM, PSNR and K-Means\u201d<\/b><span style=\"font-weight: 400;\">.<\/span><\/p>\n<p><b>\ud83d\udd17 Leia tamb\u00e9m: <\/b><a href=\"https:\/\/www.cesar.org.br\/w\/como-a-lg-e-o-cesar-usaram-a-educacao-corporativa-para-impulsionar-o-ecossistema-de-manaus\"><span style=\"font-weight: 400;\">Como a LG e o CESAR usaram a Educa\u00e7\u00e3o Corporativa para impulsionar o ecossistema de Manaus<\/span><\/a><\/p>\n<h2><b>Um ecossistema de eventos em Berlim<\/b><\/h2>\n<p><span style=\"font-weight: 400;\">O ICCE Berlin 2025 ocorreu em paralelo a dois outros encontros relevantes: o <\/span><b>IFA (Internationale FunkAusstellung)<\/b><span style=\"font-weight: 400;\">, realizado entre 6 e 9 de setembro, e o <\/span><b>IEEE World Technology Summit Automotive Digital Technologies (WTS)<\/b><span style=\"font-weight: 400;\">, no dia 8 de setembro.<\/span><\/p>\n<p><span style=\"font-weight: 400;\">No IFA, participei de uma roda de conversa sobre navega\u00e7\u00e3o indoor, tema da minha tese de doutorado e atualmente parte de um projeto na Universidade de Stuttgart-Alemanha atrav\u00e9s do contato com meu co-orientador de doutorado, professor Dr. Nasser Jazdi. Tamb\u00e9m fui convidado a testar os novos modelos de drones da DJI, maior fabricante mundial desse mercado. J\u00e1 no WTS, o foco foi em tecnologias digitais aplicadas ao setor automotivo, uma \u00e1rea estrat\u00e9gica para o futuro da mobilidade.<\/span><\/p>\n<h2><b>Por que isso importa para o CESAR?<\/b><\/h2>\n<p><span style=\"font-weight: 400;\">A participa\u00e7\u00e3o no ICCE Berlin 2025 refor\u00e7ou o papel do <\/span><b>CESAR como institui\u00e7\u00e3o que transforma projetos de inova\u00e7\u00e3o em pesquisas cient\u00edficas aplicadas<\/b><span style=\"font-weight: 400;\">, levando conhecimento desenvolvido no Brasil para a vitrine internacional. Estar presente em eventos dessa relev\u00e2ncia amplia conex\u00f5es com a academia e a ind\u00fastria, inspira outros pesquisadores do CESAR a internacionalizar suas iniciativas e posiciona o pa\u00eds de forma estrat\u00e9gica em um cen\u00e1rio tecnol\u00f3gico cada vez mais competitivo.<\/span><\/p>\n<p><a href=\"https:\/\/materiais.cesar.org.br\/industria40-ebook\"><b>Baixe nosso eBook sobre Ind\u00fastria 4.0<\/b><\/a><b> e veja como o CESAR transforma tend\u00eancias globais em inova\u00e7\u00e3o aplicada!<\/b><\/p>\n<figure style=\"width: 139px\" class=\"wp-caption alignright\"><img loading=\"lazy\" decoding=\"async\" src=\"https:\/\/www.cesar.org.br\/painel\/wp-content\/uploads\/2025\/10\/20250907_1823181-scaled.jpg\" alt=\"Foto de Walter Seiffert Sim\u00f5es, homem branco de cabelo curto e claro, vestindo terno escuro, camisa clara e gravata vermelha, sorrindo para a c\u00e2mera em um ambiente externo com \u00e1rvores e c\u00e9u azul ao fundo\" width=\"139\" height=\"247\" \/><figcaption class=\"wp-caption-text\">Walter Seiffert Sim\u00f5es, Technical Software Manager Educator do CESAR Manaus<\/figcaption><\/figure>\n<p>&nbsp;<\/p>\n<blockquote>\n<p style=\"text-align: right;\"><span style=\"font-weight: 400;\">Walter \u00e9 p\u00f3s-Doutor em IA Neuro-Simb\u00f3lica pelo ICOMP\/UFAM e pela Universidade de Munique (2023 &#8211; 2025), <\/span><span style=\"font-weight: 400;\">Doutor (2020) e Mestre (2015) em Ci\u00eancia da Computa\u00e7\u00e3o pela UFAM, <\/span><span style=\"font-weight: 400;\">p\u00f3s-graduado em Gerenciamento de Projetos pela UGF (2015) e <\/span><span style=\"font-weight: 400;\">graduado pelo Instituto de Tecnologia de Processamento de Dados da Amaz\u00f4nia (2004).\u00a0 Atualmente \u00e9 Professor-Pesquisador no CESAR, onde exerce a fun\u00e7\u00e3o de lideran\u00e7a na \u00e1rea de inova\u00e7\u00e3o tecnol\u00f3gica. Al\u00e9m disso, \u00e9 docente na gradua\u00e7\u00e3o da CESAR School e no mestrado e doutorado de Engenharia de Software da institui\u00e7\u00e3o.<\/span><\/p>\n<\/blockquote>\n","protected":false},"excerpt":{"rendered":"<p>Por Walter Seiffert Sim\u00f5es, Technical Software Manager Educator do CESAR Manaus Recebi, ao lado da Mestre em Ci\u00eancia da Computa\u00e7\u00e3o M\u00e1rcia de S\u00e1, colega de trabalho no WISL\/Motorola em Manaus, um desafio instigante: investigar como automatizar um processo de identifica\u00e7\u00e3o de falhas na transmiss\u00e3o de m\u00eddias entre smartphones e outras telas, como televisores (WISL &#8211; [&hellip;]<\/p>\n","protected":false},"author":18,"featured_media":5397,"comment_status":"open","ping_status":"open","sticky":false,"template":"","format":"standard","meta":{"_acf_changed":false,"inline_featured_image":false,"footnotes":""},"categories":[599],"tags":[163],"formato_noticias":[31],"class_list":["post-5385","post","type-post","status-publish","format-standard","has-post-thumbnail","hentry","category-oleo-e-gas","tag-inovacao","formato_noticias-eventos"],"acf":[],"_links":{"self":[{"href":"https:\/\/www.cesar.org.br\/painel\/wp-json\/wp\/v2\/posts\/5385","targetHints":{"allow":["GET"]}}],"collection":[{"href":"https:\/\/www.cesar.org.br\/painel\/wp-json\/wp\/v2\/posts"}],"about":[{"href":"https:\/\/www.cesar.org.br\/painel\/wp-json\/wp\/v2\/types\/post"}],"author":[{"embeddable":true,"href":"https:\/\/www.cesar.org.br\/painel\/wp-json\/wp\/v2\/users\/18"}],"replies":[{"embeddable":true,"href":"https:\/\/www.cesar.org.br\/painel\/wp-json\/wp\/v2\/comments?post=5385"}],"version-history":[{"count":5,"href":"https:\/\/www.cesar.org.br\/painel\/wp-json\/wp\/v2\/posts\/5385\/revisions"}],"predecessor-version":[{"id":5398,"href":"https:\/\/www.cesar.org.br\/painel\/wp-json\/wp\/v2\/posts\/5385\/revisions\/5398"}],"wp:featuredmedia":[{"embeddable":true,"href":"https:\/\/www.cesar.org.br\/painel\/wp-json\/wp\/v2\/media\/5397"}],"wp:attachment":[{"href":"https:\/\/www.cesar.org.br\/painel\/wp-json\/wp\/v2\/media?parent=5385"}],"wp:term":[{"taxonomy":"category","embeddable":true,"href":"https:\/\/www.cesar.org.br\/painel\/wp-json\/wp\/v2\/categories?post=5385"},{"taxonomy":"post_tag","embeddable":true,"href":"https:\/\/www.cesar.org.br\/painel\/wp-json\/wp\/v2\/tags?post=5385"},{"taxonomy":"formato_noticias","embeddable":true,"href":"https:\/\/www.cesar.org.br\/painel\/wp-json\/wp\/v2\/formato_noticias?post=5385"}],"curies":[{"name":"wp","href":"https:\/\/api.w.org\/{rel}","templated":true}]}}