{"id":5159,"date":"2025-08-25T09:59:23","date_gmt":"2025-08-25T12:59:23","guid":{"rendered":"https:\/\/www.cesar.org.br\/painel\/?p=5159"},"modified":"2025-09-15T10:20:45","modified_gmt":"2025-09-15T13:20:45","slug":"saiba-como-participar-do-inova-acao-pcd-inscreva-se-ja","status":"publish","type":"post","link":"https:\/\/www.cesar.org.br\/painel\/saiba-como-participar-do-inova-acao-pcd-inscreva-se-ja\/","title":{"rendered":"Saiba como participar do Inova.A\u00e7\u00e3o PCD. Inscreva-se j\u00e1!"},"content":{"rendered":"<p><span style=\"font-weight: 400;\">Inclus\u00e3o e diversidade deixaram de ser diferenciais: hoje, s\u00e3o pr\u00e9-requisitos para um mercado de inova\u00e7\u00e3o cada vez mais plural. Com essa proposta, o programa <\/span><b>Inova.A\u00e7\u00e3o PCD<\/b><span style=\"font-weight: 400;\"> busca ampliar o acesso de pessoas com defici\u00eancia ao setor, promovendo <\/span><b>empregabilidade e forma\u00e7\u00e3o<\/b><span style=\"font-weight: 400;\"> com foco em equidade no ecossistema tecnol\u00f3gico. A iniciativa \u00e9 uma parceria entre o CESAR, mais completo centro de inova\u00e7\u00e3o e conhecimento do Brasil, e a T\u00e9los, empresa especializada em potencializar o desenvolvimento de equipes por meio da capacita\u00e7\u00e3o em tecnologia e Intelig\u00eancia Artificial.<\/span><\/p>\n<h3><span style=\"font-weight: 400;\"><em>&gt;&gt; As<\/em><\/span><em><b> inscri\u00e7\u00f5es s\u00e3o gratuitas e est\u00e3o abertas<\/b><span style=\"font-weight: 400;\"> at\u00e9 o dia<strong> 21 de setembro <a href=\"https:\/\/www.telosconecta.com\/pt-BR\/lp\">AQUI<\/a>.<\/strong><\/span><\/em><\/h3>\n<p><span style=\"font-weight: 400;\">Ap\u00f3s a inscri\u00e7\u00e3o, os participantes passar\u00e3o por uma <\/span><b>pr\u00e9-sele\u00e7\u00e3o<\/b><span style=\"font-weight: 400;\"> com<\/span><b> testes<\/b><span style=\"font-weight: 400;\"> aplicados pela T\u00e9los atrav\u00e9s do programa T\u00e9los DiversiTech. Ao final dessa etapa, ser\u00e1 necess\u00e1rio gravar um v\u00eddeo de 90 segundos, com apresenta\u00e7\u00e3o pessoal e da motiva\u00e7\u00e3o para entrar na \u00e1rea de tecnologia. <\/span><\/p>\n<h3><em><span style=\"font-weight: 400;\">&gt;&gt; A divulga\u00e7\u00e3o dos pr\u00e9-selecionados ser\u00e1 feita em duas etapas: <\/span><span style=\"font-weight: 400;\">nos dias 17 e 22 de setembro, e os candidatos aprovados avan\u00e7am para um <\/span><b>hackathon, <\/b><span style=\"font-weight: 400;\">que ser\u00e1 realizado no CESAR, no Recife, <\/span><b>nos dias 27 e 28 de setembro<\/b><span style=\"font-weight: 400;\">.<\/span><\/em><\/h3>\n<p><span style=\"font-weight: 400;\">Ao final do processo,<\/span><b> at\u00e9 35 pessoas poder\u00e3o ser contratadas <\/b><span style=\"font-weight: 400;\">pelo centro de inova\u00e7\u00e3o e passar\u00e3o por uma <\/span><b>forma\u00e7\u00e3o de seis meses para atuar na \u00e1rea de Desenvolvimento de Software. <\/b><span style=\"font-weight: 400;\">\u201cO CESAR \u00e9 uma organiza\u00e7\u00e3o comprometida com a inclus\u00e3o de grupos subrepresentados no mercado de trabalho. Somos signat\u00e1rios do Pacto de Equidade Racial Brasil, da ONU Mulheres e do Pacto Global da ONU, al\u00e9m de termos o selo Women on Board por possuirmos um n\u00famero representativo de mulheres em nosso conselho\u201d, explica <\/span><b>Karla Godoy, COO do CESAR.<\/b><\/p>\n<p><span style=\"font-weight: 400;\">\u201cAl\u00e9m disso, j\u00e1 realizamos outras a\u00e7\u00f5es no passado para ampliar a entrada de mulheres, pessoas negras e com defici\u00eancia no mercado de trabalho, porque acreditamos que a verdadeira inova\u00e7\u00e3o n\u00e3o se faz com iguais, e sim com olhares e perspectivas diferentes, que representem a diversidade da sociedade em que vivemos&#8221;, completa.\u00a0<\/span><\/p>\n<p><span style=\"font-weight: 400;\">Segundo a PNAD Cont\u00ednua 2022, do IBGE, Recife \u00e9 a capital brasileira com o maior percentual de pessoas com defici\u00eancia: 11,1% da popula\u00e7\u00e3o com 2 anos ou mais, cerca de 182 mil pessoas. Destas, 74,5% est\u00e3o em idade ativa, mas fora do mercado de trabalho. O Inova.A\u00e7\u00e3o PCD surge como resposta a esse cen\u00e1rio, com o objetivo de transformar realidades, impulsionar carreiras e tornar o mercado de tecnologia mais inclusivo e representativo.<\/span><\/p>\n<p><span style=\"font-weight: 400;\">O lan\u00e7amento do programa tamb\u00e9m dialoga com a <\/span><b>Semana Nacional da Pessoa com Defici\u00eancia Intelectual e M\u00faltipla<\/b><span style=\"font-weight: 400;\">, celebrada entre os dias 21 e 28 de agosto, refor\u00e7ando o compromisso das institui\u00e7\u00f5es envolvidas com a constru\u00e7\u00e3o de um mercado mais inclusivo, acess\u00edvel e representativo.<\/span><\/p>\n<p><span style=\"font-weight: 400;\">Os nomes dos participantes aprovados ser\u00e3o divulgados no dia 1 de outubro, e a contrata\u00e7\u00e3o est\u00e1 prevista para o mesmo m\u00eas. \u201cA T\u00e9los acredita no poder da tecnologia como propulsor da educa\u00e7\u00e3o e diminui\u00e7\u00e3o das desigualdades. E, com esse projeto, temos a chance de mostrar que inclus\u00e3o n\u00e3o \u00e9 s\u00f3 discurso, \u00e9 pr\u00e1tica, \u00e9 processo, \u00e9 investimento em gente\u201d, destaca a <\/span><b>fundadora e CEO da T\u00e9los, Gabriella Ribeiro.<\/b><\/p>\n<p><b>Quem pode participar?<\/b><\/p>\n<p><span style=\"font-weight: 400;\">O Inova.A\u00e7\u00e3o PCD \u00e9 um projeto 100% gratuito, com dura\u00e7\u00e3o at\u00e9 abril de 2026, e est\u00e1 aberto a quem:<\/span><\/p>\n<ul>\n<li style=\"font-weight: 400;\" aria-level=\"1\"><span style=\"font-weight: 400;\">Reside no Recife ou Regi\u00e3o Metropolitana;<\/span><\/li>\n<li style=\"font-weight: 400;\" aria-level=\"1\"><span style=\"font-weight: 400;\">Tem 18 anos ou mais;<\/span><\/li>\n<li style=\"font-weight: 400;\" aria-level=\"1\"><span style=\"font-weight: 400;\">Comprove, por meio de laudo m\u00e9dico, algum tipo de defici\u00eancia (f\u00edsica, visual ou auditiva) ou tenha Transtorno do Espectro Autista (TEA) n\u00edveis 1 ou 2;<\/span><\/li>\n<li style=\"font-weight: 400;\" aria-level=\"1\"><span style=\"font-weight: 400;\">J\u00e1 tenha conclu\u00eddo ou esteja cursando um curso t\u00e9cnico ou superior em \u00e1reas de Tecnologia<\/span><\/li>\n<\/ul>\n<h3 style=\"text-align: center;\"><a href=\"https:\/\/www.telosconecta.com\/pt-BR\/lp\">Inscreva-se j\u00e1 clicando aqui!<\/a><\/h3>\n<p>&nbsp;<\/p>\n<p>&nbsp;<\/p>\n","protected":false},"excerpt":{"rendered":"<p>Inclus\u00e3o e diversidade deixaram de ser diferenciais: hoje, s\u00e3o pr\u00e9-requisitos para um mercado de inova\u00e7\u00e3o cada vez mais plural. Com essa proposta, o programa Inova.A\u00e7\u00e3o PCD busca ampliar o acesso de pessoas com defici\u00eancia ao setor, promovendo empregabilidade e forma\u00e7\u00e3o com foco em equidade no ecossistema tecnol\u00f3gico. A iniciativa \u00e9 uma parceria entre o CESAR, [&hellip;]<\/p>\n","protected":false},"author":15,"featured_media":5164,"comment_status":"open","ping_status":"open","sticky":false,"template":"","format":"standard","meta":{"_acf_changed":false,"inline_featured_image":false,"footnotes":""},"categories":[596],"tags":[],"formato_noticias":[30],"class_list":["post-5159","post","type-post","status-publish","format-standard","has-post-thumbnail","hentry","category-inovacao-corporativa","formato_noticias-noticias-cesar"],"acf":[],"_links":{"self":[{"href":"https:\/\/www.cesar.org.br\/painel\/wp-json\/wp\/v2\/posts\/5159","targetHints":{"allow":["GET"]}}],"collection":[{"href":"https:\/\/www.cesar.org.br\/painel\/wp-json\/wp\/v2\/posts"}],"about":[{"href":"https:\/\/www.cesar.org.br\/painel\/wp-json\/wp\/v2\/types\/post"}],"author":[{"embeddable":true,"href":"https:\/\/www.cesar.org.br\/painel\/wp-json\/wp\/v2\/users\/15"}],"replies":[{"embeddable":true,"href":"https:\/\/www.cesar.org.br\/painel\/wp-json\/wp\/v2\/comments?post=5159"}],"version-history":[{"count":6,"href":"https:\/\/www.cesar.org.br\/painel\/wp-json\/wp\/v2\/posts\/5159\/revisions"}],"predecessor-version":[{"id":5302,"href":"https:\/\/www.cesar.org.br\/painel\/wp-json\/wp\/v2\/posts\/5159\/revisions\/5302"}],"wp:featuredmedia":[{"embeddable":true,"href":"https:\/\/www.cesar.org.br\/painel\/wp-json\/wp\/v2\/media\/5164"}],"wp:attachment":[{"href":"https:\/\/www.cesar.org.br\/painel\/wp-json\/wp\/v2\/media?parent=5159"}],"wp:term":[{"taxonomy":"category","embeddable":true,"href":"https:\/\/www.cesar.org.br\/painel\/wp-json\/wp\/v2\/categories?post=5159"},{"taxonomy":"post_tag","embeddable":true,"href":"https:\/\/www.cesar.org.br\/painel\/wp-json\/wp\/v2\/tags?post=5159"},{"taxonomy":"formato_noticias","embeddable":true,"href":"https:\/\/www.cesar.org.br\/painel\/wp-json\/wp\/v2\/formato_noticias?post=5159"}],"curies":[{"name":"wp","href":"https:\/\/api.w.org\/{rel}","templated":true}]}}