{"id":4804,"date":"2025-05-06T13:39:35","date_gmt":"2025-05-06T16:39:35","guid":{"rendered":"https:\/\/www.cesar.org.br\/painel\/?p=4804"},"modified":"2026-03-17T16:13:51","modified_gmt":"2026-03-17T19:13:51","slug":"futuro-da-tecnologia-em-debate-ia-energia-e-ciberseguranca-no-web-summit-rio-2025","status":"publish","type":"post","link":"https:\/\/www.cesar.org.br\/painel\/futuro-da-tecnologia-em-debate-ia-energia-e-ciberseguranca-no-web-summit-rio-2025\/","title":{"rendered":"Futuro da tecnologia em debate: IA, energia e ciberseguran\u00e7a no Web Summit Rio 2025"},"content":{"rendered":"<p><span style=\"font-weight: 400;\">Durante tr\u00eas dias, o <\/span><b>Web Summit Rio 2025<\/b><span style=\"font-weight: 400;\"> transformou o Rio de Janeiro em um dos principais palcos globais de inova\u00e7\u00e3o e tecnologia. O evento reuniu mais de <\/span><b>30 mil participantes<\/b><span style=\"font-weight: 400;\">, entre investidores, l\u00edderes empresariais, corpora\u00e7\u00f5es internacionais, especialistas e empreendedores, para discutir os <\/span><b>temas que moldam o futuro da tecnologia<\/b><span style=\"font-weight: 400;\">.<\/span><\/p>\n<p><span style=\"font-weight: 400;\">Entre os principais destaques estiveram:<\/span><\/p>\n<ul>\n<li style=\"font-weight: 400;\" aria-level=\"1\"><span style=\"font-weight: 400;\">O desenvolvimento da <\/span><b>Intelig\u00eancia Artificial (IA)<\/b><span style=\"font-weight: 400;\"> voltada para <\/span><b>solu\u00e7\u00f5es sustent\u00e1veis<\/b><\/li>\n<li style=\"font-weight: 400;\" aria-level=\"1\"><span style=\"font-weight: 400;\">A <\/span><b>transi\u00e7\u00e3o energ\u00e9tica<\/b><span style=\"font-weight: 400;\"> e o fortalecimento das tecnologias limpas<\/span><\/li>\n<li style=\"font-weight: 400;\" aria-level=\"1\"><span style=\"font-weight: 400;\">Solu\u00e7\u00f5es tecnol\u00f3gicas com <\/span><b>impacto social positivo<\/b><\/li>\n<li style=\"font-weight: 400;\" aria-level=\"1\"><span style=\"font-weight: 400;\">A promo\u00e7\u00e3o da <\/span><b>diversidade e inclus\u00e3o<\/b><span style=\"font-weight: 400;\"> no setor de inova\u00e7\u00e3o<\/span><\/li>\n<\/ul>\n<p><span style=\"font-weight: 400;\">Os debates aprofundados no Web Summit Rio geraram <\/span><b>novas oportunidades de neg\u00f3cios <\/b><span style=\"font-weight: 400;\">e ofereceram <\/span><b>insights <\/b><span style=\"font-weight: 400;\">para discuss\u00f5es que j\u00e1 fazem parte do presente, embora projetem o futuro.<\/span><\/p>\n<p><b>A presen\u00e7a estrat\u00e9gica do CESAR no Web Summit<\/b><\/p>\n<p><span style=\"font-weight: 400;\">Como o mais completo centro de inova\u00e7\u00e3o e conhecimento do Brasil,<\/span><a href=\"https:\/\/www.cesar.org.br\/w\/cesar-participa-do-web-summit-rio-2025-e-leva-inovacao-brasileira-ao-palco-global\"><span style=\"font-weight: 400;\"> o <\/span><b>CESAR<\/b><span style=\"font-weight: 400;\"> teve participa\u00e7\u00e3o estrat\u00e9gica na programa\u00e7\u00e3o<\/span><\/a><span style=\"font-weight: 400;\">, apresentando iniciativas de destaque e os resultados do primeiro ano de opera\u00e7\u00e3o do <\/span><b>CISSA<\/b><span style=\"font-weight: 400;\">, o Centro de Compet\u00eancia Embrapii em Seguran\u00e7a Cibern\u00e9tica. Estivemos no palco <\/span><b>principal do evento<\/b><span style=\"font-weight: 400;\"> e compartilhamos como nossas solu\u00e7\u00f5es de impacto, tecnologias avan\u00e7adas e abordagem centrada em design est\u00e3o redefinindo o futuro digital. Tamb\u00e9m conduzimos <\/span><b>masterclass<\/b><span style=\"font-weight: 400;\"> sobre inova\u00e7\u00e3o de ponta a ponta no setor financeiro e exibimos o<\/span><a href=\"https:\/\/www.cesar.org.br\/w\/batom-inteligente-desenvolvido-pelo-cesar-e-grupo-boticario-e-premiado-no-sxsw-innovation-awards-2025\"><span style=\"font-weight: 400;\"> Batom Inteligente<\/span><\/a><span style=\"font-weight: 400;\"> desenvolvido pelo Grupo Botic\u00e1rio, em parceria com o CESAR, a Neurobots e a Embrapii.<\/span><\/p>\n<p><span style=\"font-weight: 400;\"><br \/>\n<\/span><b>Confira algumas das principais tend\u00eancias e debates mapeados por nossos especialistas durante o evento:<\/b><\/p>\n<p><b>\ud83d\udca1<\/b><b>IA na era Agentic: novo paradigma tecnol\u00f3gico<\/b><\/p>\n<p><span style=\"font-weight: 400;\">Dentro da extensa programa\u00e7\u00e3o, que somou mais de 400 palestras, um tema ganhou diferentes abordagens, mas uma em especial merece ser evidenciada entre os principais insights: a IA foi discutida sob a \u00f3tica atual da era \u201cAgentic\u201d. No palco principal do Web Summit, <\/span><b>Marcio Aguiar, <\/b><i><span style=\"font-weight: 400;\">Executive Director<\/span><\/i><span style=\"font-weight: 400;\"> da<\/span><b> Nvidia<\/b><span style=\"font-weight: 400;\">, ressaltou o quanto a Intelig\u00eancia Artificial, ap\u00f3s as fases perceptiva e generativa, pode transformar o potencial tecnol\u00f3gico em valor de neg\u00f3cio.<\/span><\/p>\n<blockquote>\n<p style=\"text-align: left;\"><i><span style=\"font-weight: 400;\">\u201cConforme temos mais dados e mais ideias sobre as possibilidades de uso desses dados, precisamos de um escalonamento do pr\u00e9-treinamento da tecnologia. \u00c9 necess\u00e1rio preparar o seu conjunto de dados para as necessidades da sua empresa\u201d.<\/span><\/i><i><span style=\"font-weight: 400;\"><br \/>\n<\/span><\/i><b><i>M\u00e1rcio Aguiar<\/i><\/b><\/p>\n<\/blockquote>\n<p><b><i>\ud83d\udd17 Leia tamb\u00e9m:<\/i><\/b> <a href=\"https:\/\/www.cesar.org.br\/w\/cesar-no-nvidia-gtc-2025-confira-resumo-do-evento-e-tendencias-do-setor\"><span style=\"font-weight: 400;\">CESAR no NVIDIA GTC 2025: confira resumo do evento e tend\u00eancias do setor<\/span><\/a><\/p>\n<p><b>O que \u00e9 IA Agentic?<\/b><\/p>\n<p><span style=\"font-weight: 400;\">A <\/span><b>IA Agentic<\/b><span style=\"font-weight: 400;\"> \u00e9 baseada em agentes aut\u00f4nomos, capazes de executar tarefas complexas com base em dados e objetivos previamente definidos. Para Aguiar, \u00e9 fundamental ter um plano que expanda o uso da IA para al\u00e9m dos departamentos de TI, ampliando o uso estrat\u00e9gico para as demais \u00e1reas das organiza\u00e7\u00f5es.<\/span><\/p>\n<p><b>Pr\u00f3ximo passo: a IA F\u00edsica<\/b><\/p>\n<p><span style=\"font-weight: 400;\">O futuro j\u00e1 aponta para o pr\u00f3ximo passo: a<\/span><b> IA F\u00edsica<\/b><span style=\"font-weight: 400;\">, com rob\u00f4s que interagem e colaboram <\/span><b>ativamente com seres humanos<\/b><span style=\"font-weight: 400;\"> na execu\u00e7\u00e3o de tarefas cotidianas.<\/span><\/p>\n<p><b>\ud83d\udca1<\/b><b>Inova\u00e7\u00e3o no setor el\u00e9trico: transforma\u00e7\u00e3o estrat\u00e9gica e sustent\u00e1vel<\/b><\/p>\n<p><b>Monica Magalh\u00e3es<\/b><span style=\"font-weight: 400;\">, Chief of Strategy da Disrupta, e <\/span><b>Rafaella Fatureto<\/b><span style=\"font-weight: 400;\">, Innovation Sr Manager da EDP Brasil, apresentaram uma reflex\u00e3o atualizada para o setor energ\u00e9tico: <\/span><b>a inova\u00e7\u00e3o est\u00e1 impactando n\u00e3o apenas o consumo, mas a<\/b><a href=\"https:\/\/www.cesar.org.br\/w\/prosumidores-consumidores-como-produtores-de-energia\"><b> pr\u00f3pria defini\u00e7\u00e3o de energia como produto<\/b><span style=\"font-weight: 400;\">.<\/span><\/a><\/p>\n<p><span style=\"font-weight: 400;\">Por muito tempo, a inova\u00e7\u00e3o no setor energ\u00e9tico esteve centrada em ganhos de efici\u00eancia. Hoje, ela atua de forma mais ampla e estrat\u00e9gica, promovendo uma transforma\u00e7\u00e3o dupla:<\/span><\/p>\n<ul>\n<li style=\"font-weight: 400;\" aria-level=\"1\"><span style=\"font-weight: 400;\">A tradicional <\/span><b>transi\u00e7\u00e3o energ\u00e9tica<\/b><span style=\"font-weight: 400;\">, com foco em fontes renov\u00e1veis<\/span><\/li>\n<li style=\"font-weight: 400;\" aria-level=\"1\"><span style=\"font-weight: 400;\">Uma mudan\u00e7a de percep\u00e7\u00e3o, em que energia deixa de ser apenas uma commodity e passa a ser vista como tecnologia<\/span><\/li>\n<\/ul>\n<p><span style=\"font-weight: 400;\">Iniciativas de inova\u00e7\u00e3o n\u00e3o se limitam mais \u00e0 automa\u00e7\u00e3o ou redu\u00e7\u00e3o de perdas. Elas abrangem melhoria na rela\u00e7\u00e3o com o consumidor, solu\u00e7\u00f5es de impacto socioambiental e sustentabilidade como valor estrat\u00e9gico.\u00a0<\/span><\/p>\n<p><span style=\"font-weight: 400;\">No Brasil, <\/span><b>85% da eletricidade<\/b><span style=\"font-weight: 400;\"> gerada vem de<\/span><b> fontes renov\u00e1veis<\/b><span style=\"font-weight: 400;\">, um valor muito acima da m\u00e9dia global. Considerando toda a matriz energ\u00e9tica, o \u00edndice de renovabilidade do pa\u00eds \u00e9 um dos mais altos do mundo.<\/span><\/p>\n<p><span style=\"font-weight: 400;\">No entanto, as palestrantes fizeram um <\/span><b>alerta:<\/b><span style=\"font-weight: 400;\"> \u00e9 preciso evitar a acomoda\u00e7\u00e3o e continuar investindo em tecnologias para <\/span><b>transi\u00e7\u00e3o energ\u00e9tica<\/b><span style=\"font-weight: 400;\">, sem depend\u00eancia de fatores clim\u00e1ticos para o abastecimento de hidrel\u00e9tricas.<\/span><\/p>\n<p><b>Escala e velocidade<\/b><\/p>\n<p><span style=\"font-weight: 400;\">De acordo com <\/span><b>Rafaella Fatureto<\/b><span style=\"font-weight: 400;\">, cerca de <\/span><b>70% da redu\u00e7\u00e3o necess\u00e1ria nas emiss\u00f5es de CO\u2082<\/b><span style=\"font-weight: 400;\"> pode ser alcan\u00e7ada com <\/span><b>solu\u00e7\u00f5es que j\u00e1 est\u00e3o dispon\u00edveis no mercado<\/b><span style=\"font-weight: 400;\">. O maior desafio, portanto, n\u00e3o \u00e9 desenvolver inova\u00e7\u00f5es in\u00e9ditas, mas sim <\/span><b>ampliar o alcance e acelerar a implementa\u00e7\u00e3o<\/b><span style=\"font-weight: 400;\"> do que j\u00e1 foi criado e validado.<\/span><\/p>\n<p><b>\ud83d\udca1<\/b><b>Inova\u00e7\u00e3o centrada no consumidor no setor el\u00e9trico<\/b><\/p>\n<p><span style=\"font-weight: 400;\">O painel <\/span><b>&#8220;Impulsionando a inova\u00e7\u00e3o no setor el\u00e9trico&#8221;<\/b><span style=\"font-weight: 400;\"> contou com a participa\u00e7\u00e3o de <\/span><b>Lu\u00eds Castro Henriques<\/b><span style=\"font-weight: 400;\">, General Partner da <\/span>EDP Ventures<span style=\"font-weight: 400;\">, e <\/span><b>Giancarlo Vass\u00e3o de Souza<\/b><span style=\"font-weight: 400;\">, COO da <\/span>Neoenergia<span style=\"font-weight: 400;\">. A conversa ampliou o debate sobre como <\/span><b>novos modelos de neg\u00f3cio, descarboniza\u00e7\u00e3o e digitaliza\u00e7\u00e3o<\/b><span style=\"font-weight: 400;\"> est\u00e3o moldando um <\/span>futuro energ\u00e9tico mais sustent\u00e1vel, resiliente e orientado ao cliente<span style=\"font-weight: 400;\">.<\/span><\/p>\n<p><span style=\"font-weight: 400;\">Se antes os <\/span><b>contratos de concess\u00e3o<\/b><span style=\"font-weight: 400;\"> se baseavam em indicadores m\u00e9dios de desempenho, <\/span><b>novas diretrizes regulat\u00f3rias<\/b><span style=\"font-weight: 400;\"> est\u00e3o abrindo espa\u00e7o para <\/span><b>atendimentos mais personalizados<\/b><span style=\"font-weight: 400;\">, considerando as necessidades espec\u00edficas de diferentes perfis de consumidores.<\/span><\/p>\n<p><b>Ou seja:<\/b><span style=\"font-weight: 400;\"> a inova\u00e7\u00e3o no setor el\u00e9trico n\u00e3o \u00e9 apenas uma quest\u00e3o de tecnologia, mas tamb\u00e9m de mudan\u00e7a cultural e regulat\u00f3ria, colocando o consumidor final no centro da transforma\u00e7\u00e3o.<\/span><\/p>\n<p><b>\ud83d\udca1<\/b><b>Futuro da mobilidade: foco em carros el\u00e9tricos e transi\u00e7\u00e3o energ\u00e9tica<\/b><\/p>\n<p><span style=\"font-weight: 400;\">O painel sobre o futuro da mobilidade automotiva em um cen\u00e1rio de emerg\u00eancia clim\u00e1tica reuniu representantes de empresas que est\u00e3o \u00e0 frente da transi\u00e7\u00e3o energ\u00e9tica no setor.\u00a0<\/span><\/p>\n<p><b>Stephani Pinter (Banco BV)\u00a0<\/b><\/p>\n<p><span style=\"font-weight: 400;\">Ressaltou o compromisso do banco com a <\/span><b>democratiza\u00e7\u00e3o do carro el\u00e9trico<\/b><span style=\"font-weight: 400;\"> e compensa\u00e7\u00e3o total de emiss\u00f5es da frota financiada.<\/span><\/p>\n<p><b>J\u00falio Balbinot (Arrow Mobility)\u00a0<\/b><\/p>\n<p><span style=\"font-weight: 400;\">Desmistificou o uso de <\/span><b>baterias recicl\u00e1veis<\/b><span style=\"font-weight: 400;\"> e a durabilidade dos ve\u00edculos el\u00e9tricos.<\/span><\/p>\n<p><b>\u00a0Tiago Hip\u00f3lito (99)<\/b><\/p>\n<p><span style=\"font-weight: 400;\">\u00a0Destacou o uso de <\/span><b>dados e tecnologia<\/b><span style=\"font-weight: 400;\"> para promover a mobilidade sustent\u00e1vel, como a <\/span><b>categoria EletricPro<\/b><span style=\"font-weight: 400;\"> e a <\/span><b>Alian\u00e7a pela Mobilidade Sustent\u00e1vel<\/b><span style=\"font-weight: 400;\">.<\/span><\/p>\n<p><b>Tend\u00eancias e desafios<\/b><\/p>\n<ul>\n<li style=\"font-weight: 400;\" aria-level=\"1\"><span style=\"font-weight: 400;\">Em 2023, mais de 14 milh\u00f5es de ve\u00edculos el\u00e9tricos foram vendidos globalmente\u00a0<\/span><\/li>\n<li style=\"font-weight: 400;\" aria-level=\"1\"><span style=\"font-weight: 400;\">Previs\u00e3o de 1 milh\u00e3o de el\u00e9tricos no Brasil at\u00e9 2030<\/span><\/li>\n<li style=\"font-weight: 400;\" aria-level=\"1\"><span style=\"font-weight: 400;\">Desafios atuais: custo de aquisi\u00e7\u00e3o e a infraestrutura de recarga ainda limitada<\/span><\/li>\n<li style=\"font-weight: 400;\" aria-level=\"1\"><span style=\"font-weight: 400;\">Iniciativas de reuso de baterias contribuem para aumentar a sustentabilidade no setor<\/span><\/li>\n<\/ul>\n<p><b><i>\ud83d\udd17 Leia tamb\u00e9m:<\/i><\/b> <a href=\"https:\/\/www.cesar.org.br\/w\/tendencias-em-tecnologia-para-carregamento-de-veiculos-eletricos\"><span style=\"font-weight: 400;\">Tend\u00eancias em tecnologia para carregamento de ve\u00edculos el\u00e9tricos<\/span><\/a><\/p>\n<p><b>\ud83d\udca1<\/b><b>Transforma\u00e7\u00e3o digital na ind\u00fastria<\/b><\/p>\n<p><span style=\"font-weight: 400;\">Na <\/span><b>ind\u00fastria<\/b><span style=\"font-weight: 400;\"> e no <\/span><b>setor financeiro<\/b><span style=\"font-weight: 400;\">, a inova\u00e7\u00e3o focada na experi\u00eancia do consumidor e na descentraliza\u00e7\u00e3o tecnol\u00f3gica, com forte integra\u00e7\u00e3o entre diferentes \u00e1reas organizacionais, est\u00e3o entre as principais prioridades estrat\u00e9gicas.<\/span><\/p>\n<p><span style=\"font-weight: 400;\">Durante a masterclass <\/span><i><span style=\"font-weight: 400;\">\u201cHow to generate tangible value from innovation\u201d<\/span><\/i><span style=\"font-weight: 400;\">, <\/span><b>Augusto Branco<\/b><span style=\"font-weight: 400;\">, Innovation Manager da Gerdau, apresentou a jornada da empresa rumo \u00e0 efici\u00eancia operacional, estruturada em tr\u00eas ciclos: <\/span><b>letramento tecnol\u00f3gico<\/b><span style=\"font-weight: 400;\">, <\/span><b>forma\u00e7\u00e3o de um time dedicado<\/b><span style=\"font-weight: 400;\"> e <\/span><b>dissemina\u00e7\u00e3o de uma cultura digital coletiva<\/b><span style=\"font-weight: 400;\">.<\/span><\/p>\n<blockquote><p><span style=\"font-weight: 400;\">&#8220;\u00c9 importante que, culturalmente, a gente traga as pessoas para esse ambiente de inova\u00e7\u00e3o, para que as coisas realmente aconte\u00e7am. (&#8230;) A \u00e1rea de TI existe para contribuir com os resultados da organiza\u00e7\u00e3o, mas a necessidade e a usabilidade da inova\u00e7\u00e3o est\u00e3o nas \u00e1reas de neg\u00f3cio\u201d.<\/span><span style=\"font-weight: 400;\"><br \/>\n<\/span><b>Augusto Branco<\/b><\/p><\/blockquote>\n<p><span style=\"font-weight: 400;\">Essa experi\u00eancia da sider\u00fargica tamb\u00e9m envolve a otimiza\u00e7\u00e3o do uso de <\/span><b>mat\u00e9ria-prima<\/b><span style=\"font-weight: 400;\">, priorizando pr\u00e1ticas sustent\u00e1veis, como reciclagem e melhorias na cadeia de suprimentos.\u00a0 Nesse contexto, <\/span><b>g\u00eameos digitais<\/b><span style=\"font-weight: 400;\"> permitem prever falhas operacionais, aumentar a seguran\u00e7a na fabrica\u00e7\u00e3o do a\u00e7o, melhorar a efici\u00eancia dos processos e aprofundar o conhecimento sobre o neg\u00f3cio.<\/span><\/p>\n<p><b><i>\ud83d\udd17 <\/i><\/b><b>Leia tamb\u00e9m:<\/b> <a href=\"https:\/\/www.cesar.org.br\/w\/tecnologias-da-industria-4-0-tudo-que-voce-precisa-saber-sobre-gemeos-digitais\"><span style=\"font-weight: 400;\">Digital Twin: entenda seu conceito na Ind\u00fastria 4.0<\/span><\/a><\/p>\n<p><span style=\"font-weight: 400;\">A abordagem baseada na inova\u00e7\u00e3o tecnol\u00f3gica e <\/span><a href=\"https:\/\/materiais.cesar.org.br\/ec-formacao-industria\"><span style=\"font-weight: 400;\">forma\u00e7\u00e3o de talentos<\/span><\/a><span style=\"font-weight: 400;\"> tamb\u00e9m guia a atua\u00e7\u00e3o do CESAR junto a grandes empresas da ind\u00fastria e setores estrat\u00e9gicos da economia.<\/span><\/p>\n<p><span style=\"font-weight: 400;\">Enquanto a ind\u00fastria passou a buscar na transforma\u00e7\u00e3o digital uma alternativa para maior proximidade com o cliente, o setor financeiro tem redefinido o relacionamento com os usu\u00e1rios a partir da personaliza\u00e7\u00e3o. No centro da discuss\u00e3o sobre esse tema, promovida durante o Web Summit Rio, estiveram <\/span><b>Bruno Franco<\/b><span style=\"font-weight: 400;\">, respons\u00e1vel por Inova\u00e7\u00e3o Aberta e Corporate Venture Capital no Banco BV; <\/span><b>Bruno Dinato<\/b><span style=\"font-weight: 400;\">, s\u00f3cio da Weme; e <\/span><b>Felipe Castro<\/b><span style=\"font-weight: 400;\">, fundador da Friday AI. Eles apresentaram o conceito de <\/span><i><span style=\"font-weight: 400;\">Daily Banking<\/span><\/i><span style=\"font-weight: 400;\">, uma abordagem sobre como a experi\u00eancia financeira est\u00e1 cada vez mais integrada de forma fluida \u00e0 rotina das pessoas.<\/span><\/p>\n<blockquote><p><span style=\"font-weight: 400;\">\u201cO setor banc\u00e1rio est\u00e1 seguindo o caminho dos servi\u00e7os de streaming, que personalizam suas recomenda\u00e7\u00f5es com base no comportamento do usu\u00e1rio. \u00c9 isso que os clientes tamb\u00e9m esperam de suas experi\u00eancias financeiras\u201d <\/span><span style=\"font-weight: 400;\"><br \/>\n<\/span><b>Bruno Dinato<\/b><\/p><\/blockquote>\n<p><b>\ud83d\udca1<\/b><b>O papel da IA e do Open Finance\u00a0<\/b><\/p>\n<p><span style=\"font-weight: 400;\">Para <\/span><b>Felipe Castro<\/b><span style=\"font-weight: 400;\">, a IA est\u00e1 se tornando mais proativa e integrada ao cotidiano banc\u00e1rio, permitindo solu\u00e7\u00f5es personalizadas e automatizadas. A digitaliza\u00e7\u00e3o acelerada da economia e a amplia\u00e7\u00e3o dos canais de atendimento exigem diferentes <\/span><b>n\u00edveis de seguran\u00e7a<\/b><span style=\"font-weight: 400;\"> e uma abordagem mais responsiva para atender \u00e0s novas expectativas dos consumidores.<\/span><\/p>\n<p><span style=\"font-weight: 400;\">Al\u00e9m da inova\u00e7\u00e3o tecnol\u00f3gica, a conversa destacou o papel das regula\u00e7\u00f5es do <\/span><b>Banco Central<\/b><span style=\"font-weight: 400;\"> e de iniciativas como o<\/span><b> Open Finance<\/b><span style=\"font-weight: 400;\"> para ampliar as possibilidades de personaliza\u00e7\u00e3o e competitividade no setor. Ao integrar <\/span><b>Embedded Finance<\/b><span style=\"font-weight: 400;\">, quando empresas de outros setores passam a oferecer servi\u00e7os financeiros, a tend\u00eancia \u00e9 que a fronteira entre o banco e outras plataformas se torne cada vez mais t\u00eanue.<\/span><\/p>\n<p><b>\ud83d\udca1<\/b><b>Inova\u00e7\u00e3o orientada por design\u00a0<\/b><\/p>\n<p><span style=\"font-weight: 400;\">Na masterclass <\/span><i><span style=\"font-weight: 400;\">\u201c<\/span><\/i><b><i>Banking reimagined: design-driven innovation in finance\u201d<\/i><\/b><span style=\"font-weight: 400;\">, promovida pelo CESAR, especialistas do <\/span><b>Banco do Brasil (BB)<\/b><span style=\"font-weight: 400;\">, da<\/span><b> Caixa<\/b><span style=\"font-weight: 400;\"> e da<\/span><b> Cateno<\/b><span style=\"font-weight: 400;\"> foram convidados a discutir<\/span><a href=\"https:\/\/www.cesar.org.br\/w\/banco-do-brasil-democratizando-o-acesso-a-servicos-financeiros-com-tecnologia-e-inovacao-de-ponta-a-ponta\"><span style=\"font-weight: 400;\"> como o design e a inova\u00e7\u00e3o tecnol\u00f3gica de ponta a ponta est\u00e3o redefinindo o setor banc\u00e1rio tradicional no Brasil.<\/span><\/a><span style=\"font-weight: 400;\">\u00a0<\/span><\/p>\n<blockquote><p><span style=\"font-weight: 400;\">\u00a0\u201cNo CESAR, usamos t\u00e9cnicas de design e conversa com o usu\u00e1rio para investigar profundamente as suas dores. Isso nos permite desenvolver solu\u00e7\u00f5es mais r\u00e1pidas, ajustadas \u00e0 realidade e com impacto real\u201d.<\/span><span style=\"font-weight: 400;\"><br \/>\n<\/span><b>Lauro Elias Neto, diretor executivo do CESAR<\/b><\/p><\/blockquote>\n<ul>\n<li style=\"font-weight: 400;\" aria-level=\"1\"><span style=\"font-weight: 400;\">O Brasil tem se consolidado como uma refer\u00eancia de <strong>tecnologia no setor financeiro<\/strong> com iniciativas como o PIX<\/span><\/li>\n<li style=\"font-weight: 400;\" aria-level=\"1\"><span style=\"font-weight: 400;\">Das transa\u00e7\u00f5es feitas no pa\u00eds, 80% s\u00e3o feitas em <strong>canais digitais<\/strong> (Febraban)<\/span><\/li>\n<li style=\"font-weight: 400;\" aria-level=\"1\"><span style=\"font-weight: 400;\">Apesar de 93% das transa\u00e7\u00f5es dos clientes do BB serem realizadas no campo digital, essa jornada n\u00e3o \u00e9 linear e passa por diversos canais<\/span><\/li>\n<\/ul>\n<p><b>Rodrigo Salgado, da Caixa Econ\u00f4mica Federal<\/b><span style=\"font-weight: 400;\">, abordou a perspectiva do design focado nas pessoas: \u201cquando voc\u00ea fala de designer, voc\u00ea fala de ser humano. A Caixa tem um olhar muito forte para o ser humano, desde o in\u00edcio da sua atua\u00e7\u00e3o\u201d.\u00a0<\/span><\/p>\n<p><span style=\"font-weight: 400;\">O <\/span><b>uso da IA<\/b><span style=\"font-weight: 400;\"> pelo banco se d\u00e1 como ferramenta de<\/span><b> inclus\u00e3o e democratiza\u00e7\u00e3o<\/b><span style=\"font-weight: 400;\"> do acesso aos servi\u00e7os financeiros.\u00a0<\/span><\/p>\n<p><b>Desafios:<\/b><span style=\"font-weight: 400;\">\u00a0<\/span><\/p>\n<ul>\n<li style=\"font-weight: 400;\" aria-level=\"1\"><span style=\"font-weight: 400;\">H\u00e1 um paradoxo entre a personaliza\u00e7\u00e3o e a <strong>privacidade do usu\u00e1rio<\/strong>, que pode ser mitigado por meio do letramento digital\u00a0<\/span><\/li>\n<li style=\"font-weight: 400;\" aria-level=\"1\"><span style=\"font-weight: 400;\">O avan\u00e7o da digitaliza\u00e7\u00e3o e da personaliza\u00e7\u00e3o aumenta tamb\u00e9m a superf\u00edcie de ataque, ampliando os riscos relacionados \u00e0 <strong>seguran\u00e7a da informa\u00e7\u00e3o<\/strong>.<\/span><\/li>\n<\/ul>\n<p><b>\ud83d\udca1<\/b><b>Corporate Venture Capital em a\u00e7\u00e3o: o que grandes empresas est\u00e3o aprendendo com startups<\/b><\/p>\n<p><span style=\"font-weight: 400;\">Como grandes corpora\u00e7\u00f5es est\u00e3o se aproximando de startups para desenvolver novos produtos e modelos de neg\u00f3cios? A pergunta foi respondida por representantes da Natura, Vox Capital e Banco do Brasil (BB) em um bate-papo sobre os desafios e oportunidades dos programas de <\/span><b>Corporate Venture Capital (CVC).<\/b><span style=\"font-weight: 400;\">\u00a0<\/span><\/p>\n<p><span style=\"font-weight: 400;\">A <\/span><a href=\"https:\/\/mitsloanreview.com.br\/como-o-cesar-se-reinventou-com-o-venture-building\/\"><span style=\"font-weight: 400;\">conex\u00e3o entre empresas e os neg\u00f3cios de base tecnol\u00f3gica<\/span><\/a><span style=\"font-weight: 400;\"> impulsiona a inova\u00e7\u00e3o nos ambientes corporativos tradicionais, promove novas oportunidades e acelera o desenvolvimento de solu\u00e7\u00f5es inovadoras. Mas para a colabora\u00e7\u00e3o ter sucesso, os lados envolvidos precisam de preparo, clareza de prop\u00f3sito e um entendimento profundo das din\u00e2micas do mercado.<\/span><\/p>\n<p><b>Cases apresentados<\/b><\/p>\n<p><b>Natura\u00a0<\/b><\/p>\n<ul>\n<li style=\"font-weight: 400;\" aria-level=\"1\"><span style=\"font-weight: 400;\">Mais de 20 anos de experi\u00eancia em inova\u00e7\u00e3o<\/span><\/li>\n<li style=\"font-weight: 400;\" aria-level=\"1\"><span style=\"font-weight: 400;\">Foco na prepara\u00e7\u00e3o cultural da organiza\u00e7\u00e3o para colaborar com startups<\/span><\/li>\n<li style=\"font-weight: 400;\" aria-level=\"1\"><span style=\"font-weight: 400;\">Import\u00e2ncia do letramento interno, principalmente da diretoria executiva, sobre venture capital<\/span><\/li>\n<\/ul>\n<p><b>Vox Capital<\/b><\/p>\n<ul>\n<li style=\"font-weight: 400;\" aria-level=\"1\"><span style=\"font-weight: 400;\">\u00canfase na necessidade de equilibrar<\/span><b> retorno financeiro, ganho estrat\u00e9gico e impacto socioambiental<\/b><\/li>\n<li style=\"font-weight: 400;\" aria-level=\"1\"><span style=\"font-weight: 400;\">Para startups, parcerias com grandes empresas s\u00e3o oportunidades de <\/span><b>escala<\/b><span style=\"font-weight: 400;\">, desde que exista <\/span><b>sinergia de prop\u00f3sitos<\/b><\/li>\n<\/ul>\n<p><b>Banco do Brasil\u00a0<\/b><\/p>\n<ul>\n<li style=\"font-weight: 400;\" aria-level=\"1\"><span style=\"font-weight: 400;\">Utiliza\u00e7\u00e3o de <\/span><b>ferramentas de inova\u00e7\u00e3o aberta<\/b><span style=\"font-weight: 400;\"> para aproximar \u00e1reas internas dos <\/span><b>fundos de venture capital<\/b><\/li>\n<li style=\"font-weight: 400;\" aria-level=\"1\"><span style=\"font-weight: 400;\">Cria\u00e7\u00e3o de <\/span><b>pontes estrat\u00e9gicas<\/b><span style=\"font-weight: 400;\"> com startups alinhadas aos objetivos do banco.\n<p><\/span><\/li>\n<\/ul>\n<p><span style=\"font-weight: 400;\"><img loading=\"lazy\" decoding=\"async\" class=\"size-medium wp-image-4808 alignleft\" src=\"https:\/\/www.cesar.org.br\/painel\/wp-content\/uploads\/2025\/05\/cesar-websummit-insights-225x300.jpg\" alt=\"\" width=\"225\" height=\"300\" srcset=\"https:\/\/www.cesar.org.br\/painel\/wp-content\/uploads\/2025\/05\/cesar-websummit-insights-225x300.jpg 225w, https:\/\/www.cesar.org.br\/painel\/wp-content\/uploads\/2025\/05\/cesar-websummit-insights-768x1024.jpg 768w, https:\/\/www.cesar.org.br\/painel\/wp-content\/uploads\/2025\/05\/cesar-websummit-insights-1152x1536.jpg 1152w, https:\/\/www.cesar.org.br\/painel\/wp-content\/uploads\/2025\/05\/cesar-websummit-insights.jpg 1280w\" sizes=\"auto, (max-width: 225px) 100vw, 225px\" \/>O <\/span><b>Web Summit Rio 2025 <\/b><span style=\"font-weight: 400;\">mostrou que o futuro da tecnologia j\u00e1 est\u00e1 em curso, impulsionado por Intelig\u00eancia Artificial, energias renov\u00e1veis, transforma\u00e7\u00e3o digital e inova\u00e7\u00e3o centrada no usu\u00e1rio. De bancos a ind\u00fastrias, passando pelo setor el\u00e9trico e pela mobilidade urbana, o evento refor\u00e7ou o papel estrat\u00e9gico da inova\u00e7\u00e3o aberta, das parcerias com startups e do uso inteligente de dados para acelerar mudan\u00e7as sustent\u00e1veis e inclusivas.<\/span><\/p>\n<p><span style=\"font-weight: 400;\">Mais do que tend\u00eancias, os debates mostraram que inova\u00e7\u00e3o, quando bem estruturada e culturalmente integrada, se traduz em valor para neg\u00f3cios, sociedade e meio ambiente.<\/span><\/p>\n<p>&nbsp;<\/p>\n<p>&nbsp;<\/p>\n<h3><b>\ud83d\udca1Para mais conte\u00fados, insights e novidades sobre inova\u00e7\u00e3o e tecnologia, <\/b><a href=\"https:\/\/materiais.cesar.org.br\/cesarinsights\"><span style=\"font-weight: 400;\">inscreva-se na nossa Newsletter!<\/span><\/a><\/h3>\n","protected":false},"excerpt":{"rendered":"<p>Durante tr\u00eas dias, o Web Summit Rio 2025 transformou o Rio de Janeiro em um dos principais palcos globais de inova\u00e7\u00e3o e tecnologia. O evento reuniu mais de 30 mil participantes, entre investidores, l\u00edderes empresariais, corpora\u00e7\u00f5es internacionais, especialistas e empreendedores, para discutir os temas que moldam o futuro da tecnologia. Entre os principais destaques estiveram: [&hellip;]<\/p>\n","protected":false},"author":15,"featured_media":4806,"comment_status":"open","ping_status":"open","sticky":false,"template":"","format":"standard","meta":{"_acf_changed":false,"inline_featured_image":false,"footnotes":""},"categories":[594],"tags":[163],"formato_noticias":[30],"class_list":["post-4804","post","type-post","status-publish","format-standard","has-post-thumbnail","hentry","category-energia-eletrica","tag-inovacao","formato_noticias-noticias-cesar"],"acf":[],"_links":{"self":[{"href":"https:\/\/www.cesar.org.br\/painel\/wp-json\/wp\/v2\/posts\/4804","targetHints":{"allow":["GET"]}}],"collection":[{"href":"https:\/\/www.cesar.org.br\/painel\/wp-json\/wp\/v2\/posts"}],"about":[{"href":"https:\/\/www.cesar.org.br\/painel\/wp-json\/wp\/v2\/types\/post"}],"author":[{"embeddable":true,"href":"https:\/\/www.cesar.org.br\/painel\/wp-json\/wp\/v2\/users\/15"}],"replies":[{"embeddable":true,"href":"https:\/\/www.cesar.org.br\/painel\/wp-json\/wp\/v2\/comments?post=4804"}],"version-history":[{"count":7,"href":"https:\/\/www.cesar.org.br\/painel\/wp-json\/wp\/v2\/posts\/4804\/revisions"}],"predecessor-version":[{"id":4814,"href":"https:\/\/www.cesar.org.br\/painel\/wp-json\/wp\/v2\/posts\/4804\/revisions\/4814"}],"wp:featuredmedia":[{"embeddable":true,"href":"https:\/\/www.cesar.org.br\/painel\/wp-json\/wp\/v2\/media\/4806"}],"wp:attachment":[{"href":"https:\/\/www.cesar.org.br\/painel\/wp-json\/wp\/v2\/media?parent=4804"}],"wp:term":[{"taxonomy":"category","embeddable":true,"href":"https:\/\/www.cesar.org.br\/painel\/wp-json\/wp\/v2\/categories?post=4804"},{"taxonomy":"post_tag","embeddable":true,"href":"https:\/\/www.cesar.org.br\/painel\/wp-json\/wp\/v2\/tags?post=4804"},{"taxonomy":"formato_noticias","embeddable":true,"href":"https:\/\/www.cesar.org.br\/painel\/wp-json\/wp\/v2\/formato_noticias?post=4804"}],"curies":[{"name":"wp","href":"https:\/\/api.w.org\/{rel}","templated":true}]}}