{"id":4767,"date":"2025-04-16T15:01:15","date_gmt":"2025-04-16T18:01:15","guid":{"rendered":"https:\/\/www.cesar.org.br\/painel\/?p=4767"},"modified":"2026-03-19T16:54:39","modified_gmt":"2026-03-19T19:54:39","slug":"como-a-ia-esta-transformando-a-criacao-de-produtos-insights-do-d2p-lisboa","status":"publish","type":"post","link":"https:\/\/www.cesar.org.br\/painel\/como-a-ia-esta-transformando-a-criacao-de-produtos-insights-do-d2p-lisboa\/","title":{"rendered":"Como a IA est\u00e1 transformando a cria\u00e7\u00e3o de produtos? Insights do D2P Lisboa"},"content":{"rendered":"<p><span style=\"font-weight: 300;\">Ao conectar design, tecnologias, industrializa\u00e7\u00e3o, conhecimento e forma\u00e7\u00e3o em uma programa\u00e7\u00e3o integrada, a <\/span><a href=\"https:\/\/d2p.centimfe.com\/\"><b>Confer\u00eancia D2P <\/b><\/a><b>&#8211; From Design To Product 2025<\/b><span style=\"font-weight: 300;\">, realizada em Portugal, reuniu grandes vozes do ecossistema de inova\u00e7\u00e3o para discutir o futuro da cria\u00e7\u00e3o de produtos.<\/span><\/p>\n<p><span style=\"font-weight: 300;\">Sob a provoca\u00e7\u00e3o \u201cComo transformar boas ideias em produtos vi\u00e1veis, desejados pelo mercado \u2013 e que realmente impactam?\u201d, l\u00edderes e especialistas de empresas globais debateram as transforma\u00e7\u00f5es impulsionadas pelo uso da<\/span> <b>Intelig\u00eancia Artificial (IA)<\/b><span style=\"font-weight: 300;\"> na redefini\u00e7\u00e3o de processos industriais.<\/span><\/p>\n<h3><b>A presen\u00e7a estrat\u00e9gica do CESAR no ecossistema europeu de inova\u00e7\u00e3o<\/b><b>\u00a0<\/b><\/h3>\n<p><span style=\"font-weight: 300;\">Com a recente expans\u00e3o de seus neg\u00f3cios para a Europa, o CESAR abriu escrit\u00f3rio em <\/span><b>Aveiro, Portugal<\/b><span style=\"font-weight: 300;\">, fortalecendo sua atua\u00e7\u00e3o internacional e ampliando o impacto em ecossistemas de inova\u00e7\u00e3o fora do Brasil. A presen\u00e7a no D2P Lisboa refor\u00e7a esse movimento estrat\u00e9gico e o compromisso com a cocria\u00e7\u00e3o de <\/span><b>solu\u00e7\u00f5es relevantes e sustent\u00e1veis<\/b><b>.<\/b><\/p>\n<h3><b>Sobre a Confer\u00eancia D2P &#8211; From Design to Product<\/b><\/h3>\n<p><span style=\"font-weight: 300;\">A Confer\u00eancia D2P \u00e9 um espa\u00e7o dedicado \u00e0 exposi\u00e7\u00e3o de casos pr\u00e1ticos, propostas de produtos e seus modelos de desenvolvimento, abrangendo todas as etapas \u2014 do design \u00e0 entrega final. Voltado a profissionais de \u00e1reas como Automotivo, Aeron\u00e1utico, Sa\u00fade, Embalagens, Defesa, Design, Engenharia, entre outras, o evento j\u00e1 atraiu mais de 200 participantes por edi\u00e7\u00e3o desde o ano 2000.<\/span><\/p>\n<h3><b>Insights do D2P Lisboa: o futuro da inova\u00e7\u00e3o em produtos\u00a0<\/b><\/h3>\n<blockquote><p><em><b>Por: <\/b><b>Amanda Lopes, UX Designer no CESARE<\/b><\/em><\/p><\/blockquote>\n<h3><b>1. Os 4 pilares para inovar sem (s\u00f3) apostar no escuro\u00a0<\/b><\/h3>\n<p><span style=\"font-weight: 300;\">O primeiro painel trouxe aprendizados valiosos sobre o que realmente sustenta a inova\u00e7\u00e3o de produtos:<\/span><\/p>\n<ul>\n<li><span style=\"font-weight: 400;\">Aceita\u00e7\u00e3o de mercado<\/span><span style=\"font-weight: 300;\">: Solu\u00e7\u00f5es precisam resolver problemas reais;<\/span><\/li>\n<li><span style=\"font-weight: 400;\">Sustentabilidade financeira<\/span><span style=\"font-weight: 300;\">: Ideias boas devem tamb\u00e9m ser vi\u00e1veis;<\/span><\/li>\n<li style=\"font-weight: 300;\" aria-level=\"1\"><span style=\"font-weight: 400;\">Viabilidade t\u00e9cnica<\/span><span style=\"font-weight: 300;\">: \u00c9 poss\u00edvel construir e escalar com a tecnologia atual?<\/span><\/li>\n<li style=\"font-weight: 300;\" aria-level=\"1\"><span style=\"font-weight: 400;\">Timing<\/span><span style=\"font-weight: 300;\">: Uma boa ideia fora de hora ainda pode falhar.<\/span><\/li>\n<\/ul>\n<p><b><span style=\"font-weight: 400;\">\ud83d\udd36 <\/span><i>Destaque<\/i><\/b><b><i>: \u201cFail fast, learn faster\u201d \u2013 Testar, errar e ajustar rapidamente s\u00e3o os principais passos para transformar ideias promissoras em solu\u00e7\u00f5es vi\u00e1veis.<\/i><\/b><\/p>\n<p><b>Outros aprendizados relevantes:<\/b><\/p>\n<ul>\n<li style=\"font-weight: 300;\" aria-level=\"1\"><span style=\"font-weight: 300;\">Alinhamento entre design e engenharia antes de escalar;<\/span><\/li>\n<li style=\"font-weight: 300;\" aria-level=\"1\"><span style=\"font-weight: 300;\">Investimento em I&amp;D estrat\u00e9gico;<\/span><\/li>\n<li style=\"font-weight: 300;\" aria-level=\"1\"><span style=\"font-weight: 300;\">Clareza na proposta de valor desde o in\u00edcio.<\/span><\/li>\n<\/ul>\n<h3><b>2. IA j\u00e1 \u00e9 realidade: produtos inteligentes em escala<\/b><\/h3>\n<p><span style=\"font-weight: 300;\">A Intelig\u00eancia Artificial deixou de ser tend\u00eancia e se tornou pilar fundamental para:<\/span><\/p>\n<ul>\n<li style=\"font-weight: 300;\" aria-level=\"1\"><span style=\"font-weight: 400;\">Personaliza\u00e7\u00e3o em massa;<\/span><\/li>\n<li style=\"font-weight: 300;\" aria-level=\"1\"><span style=\"font-weight: 400;\">Efici\u00eancia operacional;<\/span><\/li>\n<li style=\"font-weight: 300;\" aria-level=\"1\">Tomada de decis\u00f5es em tempo real<\/li>\n<\/ul>\n<p><b>Exemplos pr\u00e1ticos de aplica\u00e7\u00e3o de IA em produtos inteligentes<\/b><\/p>\n<ul>\n<li><span style=\"font-weight: 400;\">Smartex<\/span><span style=\"font-weight: 300;\">: inspe\u00e7\u00e3o automatizada de tecidos, redu\u00e7\u00e3o de 90% no desperd\u00edcio;<\/span><\/li>\n<li><span style=\"font-weight: 400;\">Shein<\/span><span style=\"font-weight: 300;\">: integra\u00e7\u00e3o de dados de consumo \u00e0 cadeia de suprimentos;<\/span><\/li>\n<li><span style=\"font-weight: 400;\">Klugit<\/span><span style=\"font-weight: 300;\">: smart plugs que aprendem com os usu\u00e1rios;<\/span><\/li>\n<li>Freshpod: cultivo hidrop\u00f4nico automatizado com IA e IoT.<\/li>\n<\/ul>\n<p><b>Ferramentas que est\u00e3o transformando o design de produtos\u00a0<\/b><\/p>\n<ul>\n<li style=\"font-weight: 300;\" aria-level=\"1\"><span style=\"font-weight: 400;\">HyperSketch<\/span><span style=\"font-weight: 300;\"> e <\/span><span style=\"font-weight: 400;\">Vizcom.ai<\/span><span style=\"font-weight: 300;\">: aceleram prototipagem e comunica\u00e7\u00e3o;<\/span><\/li>\n<li style=\"font-weight: 300;\" aria-level=\"1\"><span style=\"font-weight: 400;\">Notion AI<\/span><span style=\"font-weight: 300;\">: centraliza documenta\u00e7\u00e3o e automatiza processos.<\/span><\/li>\n<\/ul>\n<p><b><span style=\"font-weight: 400;\">\ud83d\udd36 <\/span><i>A IA demanda <\/i><\/b><b><i>pessoas preparadas para a melhor aplica\u00e7\u00e3o na ind\u00fastria<\/i><\/b><b><i>, dados bem estruturados e <\/i><\/b><b><i>uso consciente de recursos energ\u00e9ticos<\/i><\/b><b><i>.<\/i><\/b><\/p>\n<h3><b>3. Industrializa\u00e7\u00e3o como parte do Design de Produtos\u00a0<\/b><\/h3>\n<p><span style=\"font-weight: 300;\">A personaliza\u00e7\u00e3o da ind\u00fastria, aliada \u00e0 sustentabilidade, mostra que a era do \u201cproduzir igual para todos\u201d est\u00e1 ficando para tr\u00e1s.<\/span><\/p>\n<h3><b>Tend\u00eancias da ind\u00fastria portuguesa\u00a0<\/b><\/h3>\n<ul>\n<li style=\"font-weight: 300;\" aria-level=\"1\"><span style=\"font-weight: 300;\">F\u00e1bricas adaptadas por linha de produto;<\/span><\/li>\n<li style=\"font-weight: 300;\" aria-level=\"1\"><span style=\"font-weight: 300;\">Uso de materiais recicl\u00e1veis desde o prot\u00f3tipo;<\/span><\/li>\n<li style=\"font-weight: 300;\" aria-level=\"1\"><span style=\"font-weight: 300;\">Prototipagem e simula\u00e7\u00e3o integradas ao design<\/span><\/li>\n<\/ul>\n<p><b><span style=\"font-weight: 400;\">\ud83d\udd36 <\/span><i>Integra\u00e7\u00e3o entre design, inova\u00e7\u00e3o, cadeia de suprimentos e sustentabilidade \u00e9 essencial para competir em um mercado global.<\/i><\/b><\/p>\n<h3><b>IA, design e inova\u00e7\u00e3o caminham juntos\u00a0<\/b><\/h3>\n<p><span style=\"font-weight: 300;\">Criar produtos inovadores hoje exige mais que boas ideias: \u00e9 necess\u00e1rio <\/span><b>aplicar tecnologias emergentes com prop\u00f3sito<\/b><b>, <\/b><b>colaborar com diferentes \u00e1reas<\/b><span style=\"font-weight: 300;\"> e <\/span><b>olhar o produto como um ecossistema<\/b><b>.<\/b><\/p>\n<p><b>&gt;&gt; E voc\u00ea? Como tem integrado IA, design e sustentabilidade na sua jornada de produto?<\/b><\/p>\n<h3><b>\ud83d\udca1Para mais conte\u00fados, insights e novidades sobre inova\u00e7\u00e3o e tecnologia, <\/b><a href=\"https:\/\/materiais.cesar.org.br\/cesarinsights\"><span style=\"font-weight: 400;\">inscreva-se na nossa Newsletter!<\/span><\/a><\/h3>\n","protected":false},"excerpt":{"rendered":"<p>Ao conectar design, tecnologias, industrializa\u00e7\u00e3o, conhecimento e forma\u00e7\u00e3o em uma programa\u00e7\u00e3o integrada, a Confer\u00eancia D2P &#8211; From Design To Product 2025, realizada em Portugal, reuniu grandes vozes do ecossistema de inova\u00e7\u00e3o para discutir o futuro da cria\u00e7\u00e3o de produtos. Sob a provoca\u00e7\u00e3o \u201cComo transformar boas ideias em produtos vi\u00e1veis, desejados pelo mercado \u2013 e que [&hellip;]<\/p>\n","protected":false},"author":15,"featured_media":4774,"comment_status":"open","ping_status":"open","sticky":false,"template":"","format":"standard","meta":{"_acf_changed":false,"inline_featured_image":false,"footnotes":""},"categories":[1],"tags":[478,163,354],"formato_noticias":[30],"class_list":["post-4767","post","type-post","status-publish","format-standard","has-post-thumbnail","hentry","category-design","tag-design2product","tag-inovacao","tag-inteligencia-artificial","formato_noticias-noticias-cesar"],"acf":[],"_links":{"self":[{"href":"https:\/\/www.cesar.org.br\/painel\/wp-json\/wp\/v2\/posts\/4767","targetHints":{"allow":["GET"]}}],"collection":[{"href":"https:\/\/www.cesar.org.br\/painel\/wp-json\/wp\/v2\/posts"}],"about":[{"href":"https:\/\/www.cesar.org.br\/painel\/wp-json\/wp\/v2\/types\/post"}],"author":[{"embeddable":true,"href":"https:\/\/www.cesar.org.br\/painel\/wp-json\/wp\/v2\/users\/15"}],"replies":[{"embeddable":true,"href":"https:\/\/www.cesar.org.br\/painel\/wp-json\/wp\/v2\/comments?post=4767"}],"version-history":[{"count":12,"href":"https:\/\/www.cesar.org.br\/painel\/wp-json\/wp\/v2\/posts\/4767\/revisions"}],"predecessor-version":[{"id":5532,"href":"https:\/\/www.cesar.org.br\/painel\/wp-json\/wp\/v2\/posts\/4767\/revisions\/5532"}],"wp:featuredmedia":[{"embeddable":true,"href":"https:\/\/www.cesar.org.br\/painel\/wp-json\/wp\/v2\/media\/4774"}],"wp:attachment":[{"href":"https:\/\/www.cesar.org.br\/painel\/wp-json\/wp\/v2\/media?parent=4767"}],"wp:term":[{"taxonomy":"category","embeddable":true,"href":"https:\/\/www.cesar.org.br\/painel\/wp-json\/wp\/v2\/categories?post=4767"},{"taxonomy":"post_tag","embeddable":true,"href":"https:\/\/www.cesar.org.br\/painel\/wp-json\/wp\/v2\/tags?post=4767"},{"taxonomy":"formato_noticias","embeddable":true,"href":"https:\/\/www.cesar.org.br\/painel\/wp-json\/wp\/v2\/formato_noticias?post=4767"}],"curies":[{"name":"wp","href":"https:\/\/api.w.org\/{rel}","templated":true}]}}