{"id":4738,"date":"2025-04-09T17:04:31","date_gmt":"2025-04-09T20:04:31","guid":{"rendered":"https:\/\/www.cesar.org.br\/painel\/?p=4738"},"modified":"2026-03-17T08:46:53","modified_gmt":"2026-03-17T11:46:53","slug":"cesar-participa-do-web-summit-rio-2025-e-leva-inovacao-brasileira-ao-palco-global","status":"publish","type":"post","link":"https:\/\/www.cesar.org.br\/painel\/cesar-participa-do-web-summit-rio-2025-e-leva-inovacao-brasileira-ao-palco-global\/","title":{"rendered":"CESAR participa do Web Summit Rio 2025 e leva inova\u00e7\u00e3o brasileira ao palco global"},"content":{"rendered":"<p>Pelo terceiro ano consecutivo, o CESAR, mais completo centro de inova\u00e7\u00e3o e conhecimento do Brasil, participa do <strong>Web Summit Rio<\/strong>, de <strong>27 a 30 de abril<\/strong>, destacando o protagonismo crescente do pa\u00eds no cen\u00e1rio global de inova\u00e7\u00e3o.<\/p>\n<p>Durante o evento, especialistas do centro v\u00e3o apresentar <strong>cases estrat\u00e9gicos<\/strong> para o ecossistema nacional e colaborar com debates sobre<strong> solu\u00e7\u00f5es tecnol\u00f3gicas e sustent\u00e1veis<\/strong> ao lado de parceiros do setor financeiro.<\/p>\n<blockquote>\n<h4><strong>\ud83d\udd17 Acompanhe a cobertura em tempo real e confira insights sobre a programa\u00e7\u00e3o atrav\u00e9s dos perfis oficiais do CESAR no <a href=\"https:\/\/www.instagram.com\/inovacaocesar\/\">Instagram<\/a> e <a href=\"https:\/\/www.linkedin.com\/company\/cesar\/posts\/?feedView=all\">LinkedIn.<\/a><\/strong><\/h4>\n<\/blockquote>\n<h3><strong>Temas de destaque: da ciberseguran\u00e7a ao impacto social<\/strong><\/h3>\n<p>Nesta edi\u00e7\u00e3o, ciberseguran\u00e7a, intelig\u00eancia artificial e inova\u00e7\u00e3o com impacto social estar\u00e3o entre os temas centrais da participa\u00e7\u00e3o do CESAR. Entre outras iniciativas, ser\u00e3o destacados os resultados do primeiro ano de opera\u00e7\u00e3o do CISSA, Centro de Compet\u00eancia Embrapii em Seguran\u00e7a Cibern\u00e9tica operado pelo CESAR desde maio de 2024 &#8211; que desenvolve pesquisas e capacita pessoas em Gest\u00e3o de Identidade e Acesso, Prote\u00e7\u00e3o de Dados e Privacidade, Intelig\u00eancia de Amea\u00e7as Cibern\u00e9ticas e Aspectos Legais \u00c9ticos e Comportamentais da Seguran\u00e7a.<\/p>\n<h3><strong>CESAR no palco: painel e masterclass com parceiros estrat\u00e9gicos<\/strong><\/h3>\n<p>No palco Developers Summit (Stage 3), no dia 30 de abril,\u00a0 \u00e0s 15h35, Eduardo Peixoto, CEO do CESAR, fala sobre cases de sucesso, tend\u00eancias e a abordagem data-driven do centro em entrevista para\u00a0Ania Lichtarowicz, managing director and editor on Earth Productions. Na mesma data, \u00e0s 12h, o CESAR apresenta a masterclass Banking reimagined: design-driven innovation in finance, dividindo o palco com Guilherme Amadori (Banco do Brasil), Rodrigo Salgado (Caixa) e Gustavo Milar\u00e9 (Cateno), explorando o design e a inova\u00e7\u00e3o de ponta a ponta como impulsionadores da transforma\u00e7\u00e3o digital de institui\u00e7\u00f5es financeiras e meios de pagamento.<\/p>\n<h3><strong>Destaques no estande: revista digital e inova\u00e7\u00e3o inclusiva<\/strong><\/h3>\n<p>No estande do CESAR &#8211; E410 no pavilh\u00e3o 4 -, ser\u00e1 poss\u00edvel acessar gratuitamente a vers\u00e3o digital da revista Spotlight &#8211; Secure Horizons, que re\u00fane entrevistas com especialistas do centro de inova\u00e7\u00e3o em torno da converg\u00eancia entre Ciberseguran\u00e7a e Intelig\u00eancia Artificial. E, ainda, conferir de perto o prot\u00f3tipo do Batom Inteligente desenvolvido pelo Grupo Botic\u00e1rio em parceria com o CESAR, Neurobots e Embrapii, vencedor da categoria People\u2019s Choice Award no SXSW Innovation Awards 2025. A inova\u00e7\u00e3o une Intelig\u00eancia Artificial, vis\u00e3o computacional e rob\u00f3tica para promover inclus\u00e3o e acessibilidade no universo da beleza, permitindo que pessoas com defici\u00eancia visual ou limita\u00e7\u00f5es motoras nos membros superiores apliquem batom de forma aut\u00f4noma e sem dificuldades.<\/p>\n<p>Nas edi\u00e7\u00f5es anteriores, o CESAR refor\u00e7ou o compromisso com a promo\u00e7\u00e3o da diversidade no setor tecnol\u00f3gico por meio de debates sobre <strong>iniciativas inclusivas e avan\u00e7os tecnol\u00f3gicos no Brasil<\/strong>. Entre os temas abordados pelo centro nos palcos do Web Summit Rio nos \u00faltimos anos, est\u00e3o a promo\u00e7\u00e3o da presen\u00e7a de mulheres na tecnologia e o desenvolvimento de solu\u00e7\u00f5es voltadas para a inclus\u00e3o e a transforma\u00e7\u00e3o digital.<\/p>\n<p><strong>Web Summit<\/strong><br \/>\nO Web Summit Rio faz parte da s\u00e9rie global de eventos organizados pelo Web Summit, ao lado das edi\u00e7\u00f5es em Lisboa, Doha (Qatar), Vancouver (Canad\u00e1) e Hong Kong (RISE). Em 2024, o evento reuniu mais de 34 mil pessoas, incluindo mais de 500 palestrantes e 1.000 startups.<\/p>\n<p>&nbsp;<\/p>\n","protected":false},"excerpt":{"rendered":"<p>Pelo terceiro ano consecutivo, o CESAR, mais completo centro de inova\u00e7\u00e3o e conhecimento do Brasil, participa do Web Summit Rio, de 27 a 30 de abril, destacando o protagonismo crescente do pa\u00eds no cen\u00e1rio global de inova\u00e7\u00e3o. Durante o evento, especialistas do centro v\u00e3o apresentar cases estrat\u00e9gicos para o ecossistema nacional e colaborar com debates [&hellip;]<\/p>\n","protected":false},"author":15,"featured_media":4739,"comment_status":"open","ping_status":"open","sticky":false,"template":"","format":"standard","meta":{"_acf_changed":false,"inline_featured_image":false,"footnotes":""},"categories":[5],"tags":[163,474],"formato_noticias":[30],"class_list":["post-4738","post","type-post","status-publish","format-standard","has-post-thumbnail","hentry","category-tecnologia","tag-inovacao","tag-web-summit-rio","formato_noticias-noticias-cesar"],"acf":[],"_links":{"self":[{"href":"https:\/\/www.cesar.org.br\/painel\/wp-json\/wp\/v2\/posts\/4738","targetHints":{"allow":["GET"]}}],"collection":[{"href":"https:\/\/www.cesar.org.br\/painel\/wp-json\/wp\/v2\/posts"}],"about":[{"href":"https:\/\/www.cesar.org.br\/painel\/wp-json\/wp\/v2\/types\/post"}],"author":[{"embeddable":true,"href":"https:\/\/www.cesar.org.br\/painel\/wp-json\/wp\/v2\/users\/15"}],"replies":[{"embeddable":true,"href":"https:\/\/www.cesar.org.br\/painel\/wp-json\/wp\/v2\/comments?post=4738"}],"version-history":[{"count":14,"href":"https:\/\/www.cesar.org.br\/painel\/wp-json\/wp\/v2\/posts\/4738\/revisions"}],"predecessor-version":[{"id":5525,"href":"https:\/\/www.cesar.org.br\/painel\/wp-json\/wp\/v2\/posts\/4738\/revisions\/5525"}],"wp:featuredmedia":[{"embeddable":true,"href":"https:\/\/www.cesar.org.br\/painel\/wp-json\/wp\/v2\/media\/4739"}],"wp:attachment":[{"href":"https:\/\/www.cesar.org.br\/painel\/wp-json\/wp\/v2\/media?parent=4738"}],"wp:term":[{"taxonomy":"category","embeddable":true,"href":"https:\/\/www.cesar.org.br\/painel\/wp-json\/wp\/v2\/categories?post=4738"},{"taxonomy":"post_tag","embeddable":true,"href":"https:\/\/www.cesar.org.br\/painel\/wp-json\/wp\/v2\/tags?post=4738"},{"taxonomy":"formato_noticias","embeddable":true,"href":"https:\/\/www.cesar.org.br\/painel\/wp-json\/wp\/v2\/formato_noticias?post=4738"}],"curies":[{"name":"wp","href":"https:\/\/api.w.org\/{rel}","templated":true}]}}