{"id":4651,"date":"2025-03-14T11:16:09","date_gmt":"2025-03-14T14:16:09","guid":{"rendered":"https:\/\/www.cesar.org.br\/painel\/?p=4651"},"modified":"2025-10-28T08:37:47","modified_gmt":"2025-10-28T11:37:47","slug":"cesar-em-congresso-da-febraban-confira-destaques-sobre-seguranca-cibernetica-e-bancaria","status":"publish","type":"post","link":"https:\/\/www.cesar.org.br\/painel\/cesar-em-congresso-da-febraban-confira-destaques-sobre-seguranca-cibernetica-e-bancaria\/","title":{"rendered":"CESAR em congresso da Febraban: confira destaques sobre seguran\u00e7a cibern\u00e9tica e banc\u00e1ria"},"content":{"rendered":"<p><span style=\"font-weight: 400;\">Em um cen\u00e1rio global de crescente amea\u00e7a de ciberataques, o CESAR marcou presen\u00e7a no<\/span><b> 2\u00ba Congresso de Preven\u00e7\u00e3o e Repress\u00e3o \u00e0 Fraude, Seguran\u00e7a Cibern\u00e9tica e Banc\u00e1ria<\/b><span style=\"font-weight: 400;\">, nos dias 11 e 12 de mar\u00e7o, em S\u00e3o Paulo. Representado por um time de especialistas, o mais completo centro de inova\u00e7\u00e3o e conhecimento do Brasil refor\u00e7ou a import\u00e2ncia da tem\u00e1tica e convidou os participantes a discutir solu\u00e7\u00f5es inovadoras voltadas \u00e0 redu\u00e7\u00e3o de riscos nas institui\u00e7\u00f5es financeiras. O evento, promovido pela Federa\u00e7\u00e3o Brasileira de Bancos (Febraban) e bancos associados, deu continuidade ao sucesso da primeira edi\u00e7\u00e3o.\u00a0<\/span><\/p>\n<p><span style=\"font-weight: 400;\">Durante a programa\u00e7\u00e3o, os participantes conheceram a atua\u00e7\u00e3o do <\/span><b>Centro de Compet\u00eancia Embrapii em Seguran\u00e7a Cibern\u00e9tica operado pelo CESAR, CISSA<\/b><span style=\"font-weight: 400;\">, e tiveram acesso a conte\u00fados aprofundados, como a <\/span><a href=\"https:\/\/www.cesar.org.br\/w\/cesar-lanca-revista-com-tendencias-e-desafios-da-ia-e-da-ciberseguranca\"><span style=\"font-weight: 400;\">revista <\/span><b><i>\u201cHorizontes seguros: navegando na converg\u00eancia entre Ciberseguran\u00e7a e IA<\/i><\/b><\/a><b><i>\u201d<\/i><\/b><b>. <\/b><span style=\"font-weight: 400;\">Al\u00e9m da troca de percep\u00e7\u00f5es e conhecimentos com colaboradores do CESAR, quem esteve no congresso teve a chance de acompanhar o painel <\/span><b>\u201cProte\u00e7\u00e3o de dados: cloud security\u201d,<\/b><span style=\"font-weight: 400;\"> protagonizado por <\/span><b>F\u00e1bio Maia, coordenador t\u00e9cnico do CISSA,<\/b><span style=\"font-weight: 400;\"> e Rodrigo Colossi, <\/span><span style=\"font-weight: 400;\">superintendente de preven\u00e7\u00e3o a crimes financeiros do Banco BV,com media\u00e7\u00e3o de <\/span><span style=\"font-weight: 400;\">Fabio Akio, assessor t\u00e9cnico de servi\u00e7os e opera\u00e7\u00f5es banc\u00e1rias da Febraban.<\/span><\/p>\n<p><span style=\"font-weight: 400;\"><img loading=\"lazy\" decoding=\"async\" class=\"alignleft wp-image-4654 size-medium\" src=\"https:\/\/www.cesar.org.br\/painel\/wp-content\/uploads\/2025\/03\/cissa-febraban-painel-cesar-300x200.jpg\" alt=\"Painel de discuss\u00e3o em uma confer\u00eancia com tr\u00eas palestrantes no palco, apresentando um fundo azul e \u00edcones de seguran\u00e7a.\" width=\"300\" height=\"200\" srcset=\"https:\/\/www.cesar.org.br\/painel\/wp-content\/uploads\/2025\/03\/cissa-febraban-painel-cesar-300x200.jpg 300w, https:\/\/www.cesar.org.br\/painel\/wp-content\/uploads\/2025\/03\/cissa-febraban-painel-cesar-1024x684.jpg 1024w, https:\/\/www.cesar.org.br\/painel\/wp-content\/uploads\/2025\/03\/cissa-febraban-painel-cesar-768x513.jpg 768w, https:\/\/www.cesar.org.br\/painel\/wp-content\/uploads\/2025\/03\/cissa-febraban-painel-cesar-1536x1027.jpg 1536w, https:\/\/www.cesar.org.br\/painel\/wp-content\/uploads\/2025\/03\/cissa-febraban-painel-cesar.jpg 1616w\" sizes=\"auto, (max-width: 300px) 100vw, 300px\" \/>Durante as falas dos especialistas, F\u00e1bio Maia fez uma an\u00e1lise sobre a imprevisibilidade das inova\u00e7\u00f5es: \u201cN\u00e3o conseguimos prever quando as inova\u00e7\u00f5es na quest\u00e3o da computa\u00e7\u00e3o qu\u00e2ntica v\u00e3o alcan\u00e7ar aplica\u00e7\u00e3o pr\u00e1tica, pois a revolu\u00e7\u00e3o do conhecimento \u00e9 imprevis\u00edvel. Mas precisamos nos antecipar, porque elas ocorrem de uma hora para outra. Vide o que est\u00e1 acontecendo com a Intelig\u00eancia Artificial\u201d. Rodrigo Colossi concordou com a pondera\u00e7\u00e3o: \u201cDevido a essa imprevisibilidade, \u00e9 muito dif\u00edcil sensibilizar o conselho a fazer um investimento. Temos trabalhado muito nesse sentido de esclarecer a import\u00e2ncia de se antecipar\u201d, completou o representante do Banco BV.<\/span><\/p>\n<p><span style=\"font-weight: 400;\">Entre os demais assuntos repercutidos no evento, tamb\u00e9m estavam os avan\u00e7os e desafios na preven\u00e7\u00e3o de fraudes banc\u00e1rias, tecnologias de combate a crimes transnacionais, contexto internacional de Cyber Threat Intelligence e aplica\u00e7\u00f5es da Intelig\u00eancia Artificial. Nomes como Isaac Sidney, presidente da Febraban, Andrei Augusto Passos Rodrigues, diretor-geral da Pol\u00edcia Federal e Valdecy Urquiza, secret\u00e1rio-geral da Interpol, revezaram-se nos tr\u00eas palcos do evento. <\/span><span style=\"font-weight: 400;\">\u00a0\u00a0<\/span><\/p>\n<h3><span style=\"font-weight: 400;\">Se voc\u00ea n\u00e3o teve a oportunidade de participar do <\/span><b>2\u00ba Congresso de Preven\u00e7\u00e3o e Repress\u00e3o \u00e0 Fraude, Seguran\u00e7a Cibern\u00e9tica e Banc\u00e1ria, <\/b><span style=\"font-weight: 400;\">confira os highlights do evento:<\/span><\/h3>\n<p><b>Fraude como servi\u00e7o<\/b><\/p>\n<p><span style=\"font-weight: 400;\">&gt;&gt; A Intelig\u00eancia Artificial \u00e9 uma ferramenta tanto para o setor banc\u00e1rio quanto para fraudadores, permitindo ataques sofisticados, como <\/span><i><span style=\"font-weight: 400;\">deepfakes<\/span><\/i><span style=\"font-weight: 400;\"> e clonagem de voz. A &#8220;fraude como servi\u00e7o&#8221; est\u00e1 crescendo por meio da troca de conhecimentos sobre fraudes entre criminosos.<\/span><\/p>\n<p><b>Ciberseguran\u00e7a<\/b><\/p>\n<p><span style=\"font-weight: 400;\">&gt;&gt; O mercado de seguran\u00e7a digital, que envolve a identifica\u00e7\u00e3o do usu\u00e1rio real, cresceu de 15 bi para 26 bi em 2024, devido \u00e0 necessidade das empresas de verificar a identidade dos clientes.<\/span><\/p>\n<p><b>An\u00e1lise de dados<\/b><\/p>\n<p><span style=\"font-weight: 400;\">&gt;&gt; A engenharia social n\u00e3o acabou, mas se transformou, com fraudes virtuais como <\/span><i><span style=\"font-weight: 400;\">phishing<\/span><\/i><span style=\"font-weight: 400;\"> e e-mails sendo mais comuns. Para mitigar os riscos, \u00e9 necess\u00e1rio investir em an\u00e1lise de dados, especialmente em an\u00e1lises inteligentes.<\/span><\/p>\n<p><b>Informa\u00e7\u00f5es de qualidade<\/b><\/p>\n<p><span style=\"font-weight: 400;\">&gt;&gt; A troca de informa\u00e7\u00f5es entre institui\u00e7\u00f5es financeiras \u00e9 fundamental para a detec\u00e7\u00e3o e o combate \u00e0s fraudes. No entanto,\u00e9 importante garantir que os dados armazenados sejam de qualidade, para que gerem indicadores precisos e sejam eficazes.<\/span><\/p>\n<p><b>Compartilhamento de dados<\/b><\/p>\n<p><span style=\"font-weight: 400;\">&gt;&gt; Os meios de pagamento eletr\u00f4nicos no Brasil t\u00eam evolu\u00eddo com inova\u00e7\u00f5es como tokeniza\u00e7\u00e3o, carteiras digitais e cart\u00f5es virtuais, mas garantir seguran\u00e7a nesse ecossistema diversificado \u00e9 um desafio crescente. No combate a fraudes, o compartilhamento de dados em tempo real \u00e9 fundamental.\u00a0<\/span><\/p>\n<p><b>Fraudes internas<br \/>\n<\/b><b><br \/>\n<\/b><span style=\"font-weight: 400;\">&gt;&gt; Toda institui\u00e7\u00e3o com funcion\u00e1rios est\u00e1 sujeita ao risco de fraudes internas. A seguran\u00e7a deve ser estruturada em camadas, com avalia\u00e7\u00e3o cont\u00ednua dos riscos e uma equipe especializada para monitorar indicadores e agir diante de desvios. Por isso, \u00e9 imprescind\u00edvel que as empresas tenham profissionais capacitados e \u00e1reas dedicadas \u00e0 gest\u00e3o de fraudes.<\/span><\/p>\n<p><b>Cloud security<br \/>\n<\/b><b><br \/>\n<\/b><span style=\"font-weight: 400;\">&gt;&gt; A maturidade de seguran\u00e7a em cloud come\u00e7ou em 2015, quando a prote\u00e7\u00e3o passou a ser orientada por identidade, priorizando o controle de acesso aos recursos. Desde ent\u00e3o, evoluiu para um modelo de seguran\u00e7a espec\u00edfico para ambientes cloud-oriented. Hoje, t\u00e9cnicas avan\u00e7adas como detec\u00e7\u00e3o de anomalias com machine learning, computa\u00e7\u00e3o confidencial e criptografia de dados est\u00e3o sendo aplicadas para aprimorar ainda mais a seguran\u00e7a na nuvem.<\/span><\/p>\n<p><b>Security by design<\/b><\/p>\n<p><span style=\"font-weight: 400;\">&gt;&gt; Manter a governan\u00e7a de dados em um ambiente de cloud sem fronteiras exige uma abordagem de ciberseguran\u00e7a madura, com foco no &#8220;security by design&#8221;.\u00a0 Al\u00e9m disso, \u00e9 indicado adotar a estrat\u00e9gia de &#8220;privacy by design&#8221;, com a incorpora\u00e7\u00e3o da Lei Geral de Prote\u00e7\u00e3o de Dados Pessoais (Lei n\u00ba 13.709\/2018)\u00a0 no desenvolvimento de solu\u00e7\u00f5es, especialmente em um ecossistema que envolve bancos, parceiros e fornecedores.<\/span><\/p>\n<h3><span style=\"font-weight: 400;\"><strong>Quer saber como a inova\u00e7\u00e3o tecnol\u00f3gica pode transformar o setor financeiro? Descubra nossas solu\u00e7\u00f5es em IA, big data e blockchain e entenda como elas podem impulsionar o crescimento e a efici\u00eancia da sua organiza\u00e7\u00e3o.<\/strong> <\/span><a href=\"https:\/\/materiais.cesar.org.br\/financeiro\"><span style=\"font-weight: 400;\">Conhe\u00e7a nossos cases e agende uma conversa com nossos consultores!<\/span><\/a><\/h3>\n","protected":false},"excerpt":{"rendered":"<p>Em um cen\u00e1rio global de crescente amea\u00e7a de ciberataques, o CESAR marcou presen\u00e7a no 2\u00ba Congresso de Preven\u00e7\u00e3o e Repress\u00e3o \u00e0 Fraude, Seguran\u00e7a Cibern\u00e9tica e Banc\u00e1ria, nos dias 11 e 12 de mar\u00e7o, em S\u00e3o Paulo. Representado por um time de especialistas, o mais completo centro de inova\u00e7\u00e3o e conhecimento do Brasil refor\u00e7ou a import\u00e2ncia [&hellip;]<\/p>\n","protected":false},"author":15,"featured_media":4653,"comment_status":"open","ping_status":"open","sticky":false,"template":"","format":"standard","meta":{"_acf_changed":false,"inline_featured_image":false,"footnotes":""},"categories":[592],"tags":[70],"formato_noticias":[30],"class_list":["post-4651","post","type-post","status-publish","format-standard","has-post-thumbnail","hentry","category-financeiro","tag-ciberseguranca","formato_noticias-noticias-cesar"],"acf":[],"_links":{"self":[{"href":"https:\/\/www.cesar.org.br\/painel\/wp-json\/wp\/v2\/posts\/4651","targetHints":{"allow":["GET"]}}],"collection":[{"href":"https:\/\/www.cesar.org.br\/painel\/wp-json\/wp\/v2\/posts"}],"about":[{"href":"https:\/\/www.cesar.org.br\/painel\/wp-json\/wp\/v2\/types\/post"}],"author":[{"embeddable":true,"href":"https:\/\/www.cesar.org.br\/painel\/wp-json\/wp\/v2\/users\/15"}],"replies":[{"embeddable":true,"href":"https:\/\/www.cesar.org.br\/painel\/wp-json\/wp\/v2\/comments?post=4651"}],"version-history":[{"count":6,"href":"https:\/\/www.cesar.org.br\/painel\/wp-json\/wp\/v2\/posts\/4651\/revisions"}],"predecessor-version":[{"id":5519,"href":"https:\/\/www.cesar.org.br\/painel\/wp-json\/wp\/v2\/posts\/4651\/revisions\/5519"}],"wp:featuredmedia":[{"embeddable":true,"href":"https:\/\/www.cesar.org.br\/painel\/wp-json\/wp\/v2\/media\/4653"}],"wp:attachment":[{"href":"https:\/\/www.cesar.org.br\/painel\/wp-json\/wp\/v2\/media?parent=4651"}],"wp:term":[{"taxonomy":"category","embeddable":true,"href":"https:\/\/www.cesar.org.br\/painel\/wp-json\/wp\/v2\/categories?post=4651"},{"taxonomy":"post_tag","embeddable":true,"href":"https:\/\/www.cesar.org.br\/painel\/wp-json\/wp\/v2\/tags?post=4651"},{"taxonomy":"formato_noticias","embeddable":true,"href":"https:\/\/www.cesar.org.br\/painel\/wp-json\/wp\/v2\/formato_noticias?post=4651"}],"curies":[{"name":"wp","href":"https:\/\/api.w.org\/{rel}","templated":true}]}}