{"id":4635,"date":"2025-03-11T10:16:09","date_gmt":"2025-03-11T13:16:09","guid":{"rendered":"https:\/\/www.cesar.org.br\/painel\/?p=4635"},"modified":"2026-03-17T08:50:15","modified_gmt":"2026-03-17T11:50:15","slug":"batom-inteligente-desenvolvido-pelo-cesar-e-grupo-boticario-e-premiado-no-sxsw-innovation-awards-2025","status":"publish","type":"post","link":"https:\/\/www.cesar.org.br\/painel\/batom-inteligente-desenvolvido-pelo-cesar-e-grupo-boticario-e-premiado-no-sxsw-innovation-awards-2025\/","title":{"rendered":"Batom Inteligente desenvolvido pelo Grupo Botic\u00e1rio e CESAR \u00e9 premiado no SXSW Innovation Awards 2025"},"content":{"rendered":"<p><span style=\"font-weight: 400;\"><span style=\"vertical-align: inherit;\"><span style=\"vertical-align: inherit;\">O <\/span><\/span><\/span><b><span style=\"vertical-align: inherit;\"><span style=\"vertical-align: inherit;\">Grupo Botic\u00e1rio <\/span><\/span><\/b><span style=\"font-weight: 400;\"><span style=\"vertical-align: inherit;\"><span style=\"vertical-align: inherit;\">e o <b>CESAR <\/b>, Centro de Estudos e Sistemas Avan\u00e7ados do Recife, fizeram hist\u00f3ria ao se tornarem o case vencedor da <\/span><\/span><\/span><b><span style=\"vertical-align: inherit;\"><span style=\"vertical-align: inherit;\">categoria <\/span><\/span><\/b><b><i><span style=\"vertical-align: inherit;\"><span style=\"vertical-align: inherit;\">j\u00fari popular (People&#8217;s Choice Award<\/span><\/span><\/i><\/b><b><span style=\"vertical-align: inherit;\"><span style=\"vertical-align: inherit;\"> ) <\/span><\/span><\/b><span style=\"font-weight: 400;\"><span style=\"vertical-align: inherit;\"><span style=\"vertical-align: inherit;\">na <\/span><\/span><\/span><b><span style=\"vertical-align: inherit;\"><span style=\"vertical-align: inherit;\">edi\u00e7\u00e3o 2025 do SXSW <\/span><\/span><\/b><span style=\"font-weight: 400;\"><span style=\"vertical-align: inherit;\"><span style=\"vertical-align: inherit;\">, maior festival de inova\u00e7\u00e3o e tecnologia do mundo. O <\/span><\/span><\/span><b><span style=\"vertical-align: inherit;\"><span style=\"vertical-align: inherit;\">Batom Inteligente, <\/span><\/span><\/b><span style=\"font-weight: 400;\"><span style=\"vertical-align: inherit;\"><span style=\"vertical-align: inherit;\">prot\u00f3tipo desenvolvido em parceria entre o Grupo Botic\u00e1rio, o CESAR, a Neurobots e a Embrapii, foi o \u00fanico premiado da Am\u00e9rica Latina entre os 55 concorrentes internacionais. Considerada o \u201cOscar da Inova\u00e7\u00e3o\u201d, a premia\u00e7\u00e3o reconhece a contribui\u00e7\u00e3o em \u00e1reas como Intelig\u00eancia Artificial, Sa\u00fade &amp; Biotecnologia e Empoderamento Comunit\u00e1rio.\u00a0<\/span><\/span><\/span><\/p>\n<p><span style=\"font-weight: 400;\"><span style=\"vertical-align: inherit;\"><span style=\"vertical-align: inherit;\">Desenvolvido ao longo de sete anos com tecnologias avan\u00e7adas, como <\/span><\/span><\/span><b><span style=\"vertical-align: inherit;\"><span style=\"vertical-align: inherit;\">intelig\u00eancia artificial e vis\u00e3o computacional <\/span><\/span><\/b><span style=\"font-weight: 400;\"><span style=\"vertical-align: inherit;\"><span style=\"vertical-align: inherit;\">, o primeiro batom inteligente do mundo permite que pessoas com defici\u00eancia visual ou limita\u00e7\u00f5es motoras nos membros superiores utilizem o item de maquiagem de forma aut\u00f4noma e sem dificuldades. Com apenas o acionamento de um bot\u00e3o, o sistema de ponta fotogr\u00e1fica do rosto do usu\u00e1rio, faz um mapeamento preciso dos l\u00e1bios, aplica o batom e realiza uma foto de verifica\u00e7\u00e3o para verificar a aplica\u00e7\u00e3o. Todo o processo dura apenas dois minutos, dando autonomia da aplica\u00e7\u00e3o de um batom sem a ajuda de terceiros.<\/span><\/span><\/span><\/p>\n<p><span style=\"font-weight: 400;\"><span style=\"vertical-align: inherit;\"><span style=\"vertical-align: inherit;\">O Batom Inteligente foi celebrado como um avan\u00e7o significativo do Grupo Botic\u00e1rio, que, em parceria com o CESAR, vem demonstrando o potencial das novas tecnologias quando empregadas em favor da sociedade e utilizadas para atender \u00e0s necessidades de todas as pessoas. <\/span><\/span><\/span> <span style=\"font-weight: 400;\"><span style=\"vertical-align: inherit;\"><span style=\"vertical-align: inherit;\">Uma tecnologia inovadora foi desenvolvida a partir do compromisso da companhia em promover a diversidade, a inclus\u00e3o e a acessibilidade para dentro e fora de seus muros.<\/span><\/span><\/span><\/p>\n<p><b><img loading=\"lazy\" decoding=\"async\" class=\"alignleft wp-image-4642 size-medium\" title=\"Smart Lipstick\" src=\"https:\/\/www.cesar.org.br\/painel\/wp-content\/uploads\/2025\/03\/batom-inteligente-225x300.jpeg\" alt=\"Smart Lipstick\" width=\"225\" height=\"300\" srcset=\"https:\/\/www.cesar.org.br\/painel\/wp-content\/uploads\/2025\/03\/batom-inteligente-225x300.jpeg 225w, https:\/\/www.cesar.org.br\/painel\/wp-content\/uploads\/2025\/03\/batom-inteligente-768x1024.jpeg 768w, https:\/\/www.cesar.org.br\/painel\/wp-content\/uploads\/2025\/03\/batom-inteligente-1152x1536.jpeg 1152w, https:\/\/www.cesar.org.br\/painel\/wp-content\/uploads\/2025\/03\/batom-inteligente-1536x2048.jpeg 1536w, https:\/\/www.cesar.org.br\/painel\/wp-content\/uploads\/2025\/03\/batom-inteligente-scaled.jpeg 1920w\" sizes=\"auto, (max-width: 225px) 100vw, 225px\" \/><span style=\"vertical-align: inherit;\"><span style=\"vertical-align: inherit;\">Para Eduardo Peixoto, CEO do CESAR, <\/span><\/span><\/b><span style=\"font-weight: 400;\"><span style=\"vertical-align: inherit;\"><span style=\"vertical-align: inherit;\">o reconhecimento posiciona o pa\u00eds como pot\u00eancia em inova\u00e7\u00f5es que impactam positivamente a vida das pessoas. \u201cA proje\u00e7\u00e3o conferida pelo pr\u00eamio evidencia o quanto n\u00f3s, brasileiros, temos um olhar para resolver problemas relevantes para a sociedade. Nosso objetivo sempre foi trazer inova\u00e7\u00e3o de ponta para nossos parceiros e contribuir significativamente para aprimorar e inovar em produtos e servi\u00e7os, por meio da tecnologia. Unir esse prop\u00f3sito \u00e0 causa da inclus\u00e3o nos d\u00e1 ainda mais orgulho\u201d, ressalta.<\/span><\/span><\/span><\/p>\n<p><span style=\"font-weight: 400;\"><span style=\"vertical-align: inherit;\"><span style=\"vertical-align: inherit;\">Ao combinar a experi\u00eancia do tempo CESAR com o profundo entendimento do Grupo Botic\u00e1rio sobre beleza e inclus\u00e3o, nasceu uma solu\u00e7\u00e3o in\u00e9dita que vai al\u00e9m da mera funcionalidade.<\/span><\/span><\/span><\/p>\n<p><span style=\"font-weight: 400;\"><span style=\"vertical-align: inherit;\"><span style=\"vertical-align: inherit;\">\u201cNossa nova tecnologia Batom Inteligente representa uma mudan\u00e7a de paradigma na forma como abordamos a beleza e a inclus\u00e3o\u201d, disse Gustavo Dieamant, Diretor Executivo de P&amp;D do Grupo Botic\u00e1rio. \u201cNossa grande equipe de P&amp;D, composta por 42 profissionais \u2013 incluindo engenheiros, designers de produtos, especialistas em UX e especialistas em diversidade \u2013 trabalhou incansavelmente por sete anos para criar uma tecnologia que n\u00e3o apenas aplica maquiagem de forma impec\u00e1vel, mas tamb\u00e9m capacita pessoas com defici\u00eancias (motoras ou visuais) a experimentar a alegria e a confian\u00e7a que vem com a aplica\u00e7\u00e3o e o uso de batom de forma independente.\u201d<\/span><\/span><\/span><\/p>\n<p><a href=\"https:\/\/www.sxsw.com\/interactive\/2025\/2025-sxsw-innovation-awards-winners-announced\/\"><span style=\"font-weight: 400;\"><span style=\"vertical-align: inherit;\"><span style=\"vertical-align: inherit;\">Confira a lista completa dos vencedores<\/span><\/span><\/span><\/a><\/p>\n<h3><span style=\"vertical-align: inherit;\"><span style=\"vertical-align: inherit;\">Para mais conte\u00fados, insights e novidades sobre inova\u00e7\u00e3o e tecnologia,\u00a0 <\/span><\/span><a href=\"https:\/\/materiais.cesar.org.br\/cesarinsights\"><span style=\"vertical-align: inherit;\"><span style=\"vertical-align: inherit;\">inscreva-se na nossa Newsletter!<\/span><\/span><\/a><\/h3>\n","protected":false},"excerpt":{"rendered":"<p>O Grupo Botic\u00e1rio e o CESAR , Centro de Estudos e Sistemas Avan\u00e7ados do Recife, fizeram hist\u00f3ria ao se tornarem o case vencedor da categoria j\u00fari popular (People&#8217;s Choice Award ) na edi\u00e7\u00e3o 2025 do SXSW , maior festival de inova\u00e7\u00e3o e tecnologia do mundo. O Batom Inteligente, prot\u00f3tipo desenvolvido em parceria entre o Grupo [&hellip;]<\/p>\n","protected":false},"author":15,"featured_media":4640,"comment_status":"open","ping_status":"open","sticky":false,"template":"","format":"standard","meta":{"_acf_changed":false,"inline_featured_image":false,"footnotes":""},"categories":[5],"tags":[401],"formato_noticias":[30],"class_list":["post-4635","post","type-post","status-publish","format-standard","has-post-thumbnail","hentry","category-tecnologia","tag-sxsw","formato_noticias-noticias-cesar"],"acf":[],"_links":{"self":[{"href":"https:\/\/www.cesar.org.br\/painel\/wp-json\/wp\/v2\/posts\/4635","targetHints":{"allow":["GET"]}}],"collection":[{"href":"https:\/\/www.cesar.org.br\/painel\/wp-json\/wp\/v2\/posts"}],"about":[{"href":"https:\/\/www.cesar.org.br\/painel\/wp-json\/wp\/v2\/types\/post"}],"author":[{"embeddable":true,"href":"https:\/\/www.cesar.org.br\/painel\/wp-json\/wp\/v2\/users\/15"}],"replies":[{"embeddable":true,"href":"https:\/\/www.cesar.org.br\/painel\/wp-json\/wp\/v2\/comments?post=4635"}],"version-history":[{"count":15,"href":"https:\/\/www.cesar.org.br\/painel\/wp-json\/wp\/v2\/posts\/4635\/revisions"}],"predecessor-version":[{"id":5406,"href":"https:\/\/www.cesar.org.br\/painel\/wp-json\/wp\/v2\/posts\/4635\/revisions\/5406"}],"wp:featuredmedia":[{"embeddable":true,"href":"https:\/\/www.cesar.org.br\/painel\/wp-json\/wp\/v2\/media\/4640"}],"wp:attachment":[{"href":"https:\/\/www.cesar.org.br\/painel\/wp-json\/wp\/v2\/media?parent=4635"}],"wp:term":[{"taxonomy":"category","embeddable":true,"href":"https:\/\/www.cesar.org.br\/painel\/wp-json\/wp\/v2\/categories?post=4635"},{"taxonomy":"post_tag","embeddable":true,"href":"https:\/\/www.cesar.org.br\/painel\/wp-json\/wp\/v2\/tags?post=4635"},{"taxonomy":"formato_noticias","embeddable":true,"href":"https:\/\/www.cesar.org.br\/painel\/wp-json\/wp\/v2\/formato_noticias?post=4635"}],"curies":[{"name":"wp","href":"https:\/\/api.w.org\/{rel}","templated":true}]}}