{"id":4126,"date":"2024-10-29T17:16:32","date_gmt":"2024-10-29T17:16:32","guid":{"rendered":"https:\/\/www.cesar.org.br\/painel\/?p=4126"},"modified":"2024-10-31T18:50:02","modified_gmt":"2024-10-31T18:50:02","slug":"recnplay-cesar-promove-mais-de-30-atividades-durante-um-dos-maiores-festivais-de-inovacao-do-brasil","status":"publish","type":"post","link":"https:\/\/www.cesar.org.br\/painel\/recnplay-cesar-promove-mais-de-30-atividades-durante-um-dos-maiores-festivais-de-inovacao-do-brasil\/","title":{"rendered":"REC\u2019n\u2019Play: CESAR promove mais de 40 atividades durante um dos maiores festivais de inova\u00e7\u00e3o do Brasil"},"content":{"rendered":"<p><span style=\"font-weight: 400;\">Prepare-se para uma jornada de imers\u00e3o no futuro! Entre os dias 6 e 9 novembro, o <\/span><b>REC\u2019n\u2019Play 2024<\/b><span style=\"font-weight: 400;\"> traz mais de 600 atividades interativas e gratuitas para o Bairro do Recife. Realiza\u00e7\u00e3o do Porto Digital, Sebrae PE e da Ampla Comunica\u00e7\u00e3o, o evento conecta pessoas e prop\u00f5e uma revolu\u00e7\u00e3o nas ruas e pr\u00e9dios hist\u00f3ricos da capital pernambucana. O <\/span><b>CESAR<\/b><span style=\"font-weight: 400;\"> participa da programa\u00e7\u00e3o ao promover e sediar oficinas, palestras, debates e a\u00e7\u00f5es para repensar o amanh\u00e3. As inscri\u00e7\u00f5es est\u00e3o abertas e podem ser feitas na <\/span><a href=\"https:\/\/app.jalanlive.com\/recnplay2024\/home\"><span style=\"font-weight: 400;\">plataforma Jalan.\u00a0\u00a0<\/span><\/a><\/p>\n<p><span style=\"font-weight: 400;\">Estudantes, empreendedores, investidores e todos os curiosos prontos para mergulhar na maratona do aprendizado ter\u00e3o a chance de se conectar com algumas das mentes mais relevantes da inova\u00e7\u00e3o brasileira. Nomes como Maria Luiza Trajano, presidente do Conselho de Administra\u00e7\u00e3o do Magazine Luiza, Marisa Reghini, vice-presidente de neg\u00f3cios digitais e tecnologia do Banco do Brasil, al\u00e9m de Criolo e Maria Vilani, embaixadores do movimento LED, v\u00e3o compartilhar experi\u00eancias e insights valiosos em torno dos eixos tem\u00e1ticos do festival de tecnologia e criatividade.\u00a0<\/span><\/p>\n<p><span style=\"font-weight: 400;\">Refer\u00eancias em solu\u00e7\u00f5es disruptivas e alinhadas com tend\u00eancias mundiais, o <\/span><a href=\"https:\/\/www.cesar.org.br\/\"><b>CESAR<\/b><\/a><b> e a <\/b><a href=\"https:\/\/www.cesar.school\/\"><b>CESAR School<\/b><\/a><b> prepararam um line-up \u00e0 altura do festival.<\/b><span style=\"font-weight: 400;\"> Ser\u00e3o <\/span><b>mais de 40 din\u00e2micas<\/b><span style=\"font-weight: 400;\"> dispon\u00edveis em quatro trilhas direcionadas para temas como ciberseguran\u00e7a, intelig\u00eancia artificial (IA), solu\u00e7\u00f5es inovadoras e inclusivas, oportunidades no setor financeiro, design, programa\u00e7\u00e3o e ventures.\u00a0<\/span><\/p>\n<p><span style=\"font-weight: 400;\">\u201cFizemos uma curadoria super estrat\u00e9gica, focando nos assuntos mais aquecidos no cen\u00e1rio da inova\u00e7\u00e3o, desde IA para um mundo sustent\u00e1vel, passando pelas profiss\u00f5es do futuro at\u00e9 o uso otimizado de energia. Estivemos na \u00faltima edi\u00e7\u00e3o do REC\u2019n\u2019Play, que reuniu mais de 60 mil pessoas, e nossa expectativa \u00e9 fazer ainda mais conex\u00f5es nesta edi\u00e7\u00e3o\u201d, destaca o CEO do CESAR, Eduardo Peixoto.\u00a0<\/span><\/p>\n<p><b>Entre os destaques da programa\u00e7\u00e3o, est\u00e3o os pain\u00e9is<\/b><span style=\"font-weight: 400;\"> \u201c<\/span><i><span style=\"font-weight: 400;\">AI for Good<\/span><\/i><span style=\"font-weight: 400;\">: Intelig\u00eancia Artificial para um mundo sustent\u00e1vel\u201d, \u201cBatom inteligente: os bastidores do desenvolvimento de um produto inovador e inclusivo\u201d, \u201cSmart Mobility: conectando pessoas, cidades e tecnologias\u201d, \u201cProfissionais do futuro: como as tend\u00eancias tecnol\u00f3gicas est\u00e3o moldando o mercado de trabalho\u201d e \u201cDesafios para o fomento de projetos educacionais: o papel de funda\u00e7\u00f5es, institutos, empresas e setor p\u00fablico\u201d.\u00a0<\/span><\/p>\n<p><span style=\"font-weight: 400;\">Para os amantes da rob\u00f3tica e interessados em conferir de perto competi\u00e7\u00f5es em diversas modalidades, a <\/span><b>Arena de Rob\u00f4s <\/b><span style=\"font-weight: 400;\">reunir\u00e1 duelos com narra\u00e7\u00e3o feita por MC\u2019s durante as disputas. O espa\u00e7o tamb\u00e9m vai receber uma \u00e1rea de workshops, exposi\u00e7\u00e3o de dispositivos, al\u00e9m do First Tech Challenge e do ROS &#8211; Robotic Operating System Meetup, com trilha e exposi\u00e7\u00e3o de rob\u00f4s avan\u00e7ados que utilizam o principal framework de rob\u00f3tica do mundo. O professor Henrique Foresti \u201cMineiro\u201d, da CESAR School, assina a curadoria da arena, que ser\u00e1 na Rua do Bom Jesus, das 10h \u00e0s 18h.<\/span><span style=\"font-weight: 400;\"><br \/>\n<\/span><span style=\"font-weight: 400;\"><br \/>\n<\/span><span style=\"font-weight: 400;\">J\u00e1 os interessados em games ter\u00e3o o mezanino do pr\u00e9dio Tiradentes (Rua Bione, Cais do Apolo, 220) como ponto de encontro, onde ser\u00e1 poss\u00edvel curtir uma <\/span><b>exposi\u00e7\u00e3o de jogos realizada pelo Forja<\/b><span style=\"font-weight: 400;\">, iniciativa de desenvolvimento de jogos anal\u00f3gicos e digitais com coordena\u00e7\u00e3o do consultor de qualifica\u00e7\u00e3o da CESAR School Erick Sim\u00f5es. Recentemente, um dos integrantes do grupo, o estudante do curso de Ci\u00eancias da Computa\u00e7\u00e3o Pedro Vilas Boas desenvolveu o \u201c<\/span><span style=\"font-weight: 400;\">Punch! Throw!! Score!!!\u201d e foi selecionado para o SBGames na categoria Estudante.<\/span><\/p>\n<p><b>&gt;&gt; Andr\u00e9 Fatala, CTO do Magazine Luiza, recebe primeiro t\u00edtulo de Doutor Honoris Causa concedido pela CESAR School<\/b><\/p>\n<p><span style=\"font-weight: 400;\">Pela primeira vez, a CESAR School concede t\u00edtulo de <\/span><b><i>Doutor Honoris Causa,<\/i><\/b><span style=\"font-weight: 400;\"> reconhecimento m\u00e1ximo dado por uma institui\u00e7\u00e3o para pessoas que tenham contribui\u00e7\u00e3o not\u00e1vel em campos como ci\u00eancia e inova\u00e7\u00e3o. O nome escolhido para receber a distin\u00e7\u00e3o pelo Programa de P\u00f3s-gradua\u00e7\u00e3o em Engenharia de Software \u00e9 Andr\u00e9 Fatala, CTO do Magazine Luiza. A entrega do diploma ser\u00e1 realizada durante o REC\u2019n\u2019Play, no dia 06 de novembro, \u00e0s 18h, na sala 9 da unidade Brum da escola de inova\u00e7\u00e3o (Avenida, Cais do Apolo, 77, Recife).\u00a0<\/span><\/p>\n<p><span style=\"font-weight: 400;\">\u201cEsta distin\u00e7\u00e3o, a primeira em nossa hist\u00f3ria e pioneira no Brasil nesta \u00e1rea, \u00e9 um reconhecimento \u00e0 extraordin\u00e1ria trajet\u00f3ria e \u00e0s inestim\u00e1veis contribui\u00e7\u00f5es que ele tem proporcionado ao nosso pa\u00eds nos campos da tecnologia, neg\u00f3cios e transforma\u00e7\u00e3o digital\u201d, avalia Silvio Meira, professor extraordin\u00e1rio da CESAR School. \u201cE nada melhor que o REC\u2019n\u2019Play para esse reconhecimento, ocasi\u00e3o em que Recife respira tecnologia e inova\u00e7\u00e3o\u201d, completa.<\/span><\/p>\n<p><b>SERVI\u00c7O<\/b><\/p>\n<p><span style=\"font-weight: 400;\">CESAR no REC\u2019n\u2019Play<\/span><\/p>\n<p><span style=\"font-weight: 400;\">Quando: entre os dias 6 e 9 de novembro, das 10h \u00e0s 19h<\/span><\/p>\n<p><span style=\"font-weight: 400;\">Local: Bairro do Recife<\/span><\/p>\n<p><span style=\"font-weight: 400;\">Quanto: gratuito<\/span><\/p>\n<p><a href=\"https:\/\/app.jalanlive.com\/recnplay2024\/home\"><span style=\"font-weight: 400;\">Inscri\u00e7\u00f5es e programa\u00e7\u00e3o completa do REC\u2019n\u2019Play<\/span><\/a><\/p>\n","protected":false},"excerpt":{"rendered":"<p>Prepare-se para uma jornada de imers\u00e3o no futuro! Entre os dias 6 e 9 novembro, o REC\u2019n\u2019Play 2024 traz mais de 600 atividades interativas e gratuitas para o Bairro do Recife. Realiza\u00e7\u00e3o do Porto Digital, Sebrae PE e da Ampla Comunica\u00e7\u00e3o, o evento conecta pessoas e prop\u00f5e uma revolu\u00e7\u00e3o nas ruas e pr\u00e9dios hist\u00f3ricos da [&hellip;]<\/p>\n","protected":false},"author":15,"featured_media":4128,"comment_status":"open","ping_status":"open","sticky":false,"template":"","format":"standard","meta":{"_acf_changed":false,"inline_featured_image":false,"footnotes":""},"categories":[593],"tags":[163],"formato_noticias":[30],"class_list":["post-4126","post","type-post","status-publish","format-standard","has-post-thumbnail","hentry","category-ventures","tag-inovacao","formato_noticias-noticias-cesar"],"acf":[],"_links":{"self":[{"href":"https:\/\/www.cesar.org.br\/painel\/wp-json\/wp\/v2\/posts\/4126","targetHints":{"allow":["GET"]}}],"collection":[{"href":"https:\/\/www.cesar.org.br\/painel\/wp-json\/wp\/v2\/posts"}],"about":[{"href":"https:\/\/www.cesar.org.br\/painel\/wp-json\/wp\/v2\/types\/post"}],"author":[{"embeddable":true,"href":"https:\/\/www.cesar.org.br\/painel\/wp-json\/wp\/v2\/users\/15"}],"replies":[{"embeddable":true,"href":"https:\/\/www.cesar.org.br\/painel\/wp-json\/wp\/v2\/comments?post=4126"}],"version-history":[{"count":6,"href":"https:\/\/www.cesar.org.br\/painel\/wp-json\/wp\/v2\/posts\/4126\/revisions"}],"predecessor-version":[{"id":4139,"href":"https:\/\/www.cesar.org.br\/painel\/wp-json\/wp\/v2\/posts\/4126\/revisions\/4139"}],"wp:featuredmedia":[{"embeddable":true,"href":"https:\/\/www.cesar.org.br\/painel\/wp-json\/wp\/v2\/media\/4128"}],"wp:attachment":[{"href":"https:\/\/www.cesar.org.br\/painel\/wp-json\/wp\/v2\/media?parent=4126"}],"wp:term":[{"taxonomy":"category","embeddable":true,"href":"https:\/\/www.cesar.org.br\/painel\/wp-json\/wp\/v2\/categories?post=4126"},{"taxonomy":"post_tag","embeddable":true,"href":"https:\/\/www.cesar.org.br\/painel\/wp-json\/wp\/v2\/tags?post=4126"},{"taxonomy":"formato_noticias","embeddable":true,"href":"https:\/\/www.cesar.org.br\/painel\/wp-json\/wp\/v2\/formato_noticias?post=4126"}],"curies":[{"name":"wp","href":"https:\/\/api.w.org\/{rel}","templated":true}]}}