{"id":2763,"date":"2022-06-21T00:00:00","date_gmt":"2022-06-21T00:00:00","guid":{"rendered":"https:\/\/www.cesar.org.br\/painel\/gptw2022\/"},"modified":"2024-03-26T19:03:29","modified_gmt":"2024-03-26T19:03:29","slug":"gptw2022","status":"publish","type":"post","link":"https:\/\/www.cesar.org.br\/painel\/gptw2022\/","title":{"rendered":"CESAR recebe o selo Great Place to Work"},"content":{"rendered":"<div class=\"\"content-article\"\">\n<p>O CESAR\u00a0foi reconhecido pela primeira vez com o selo Great Place to Work (GPTW). Essa \u00e9 uma importante certifica\u00e7\u00e3o que atesta quando uma empresa possui condi\u00e7\u00f5es de trabalho motivadoras para as suas equipes, promovendo, atrav\u00e9s de uma gest\u00e3o humanizada, um ambiente de bem-estar profissional aos times.<\/p>\n<p>\u201cExistimos para transformar gente e seus contextos pela inova\u00e7\u00e3o, o que s\u00f3 \u00e9 poss\u00edvel acontecer a partir de um lugar que seja receptivo e aberto a seus colaboradores. O selo GPTW \u00e9 um reconhecimento a essas pessoas, engajadas, que transformam e constroem continuamente um \u00f3timo lugar para trabalhar\u201d, diz Eduardo Peixoto, CEO do CESAR,\u00a0Para a obten\u00e7\u00e3o do selo, as empresas s\u00e3o avaliadas por seus colaboradores em quest\u00f5es como ambiente de trabalho, rela\u00e7\u00e3o com os l\u00edderes e colegas. \u201c\u00c9 muito importante receber esse reconhecimento, pois ele demonstra que estamos entregando aos colaboradores a possibilidade de se desenvolver profissionalmente em um ambiente equilibrado e inclusivo\u201d, comenta Eduardo.<\/p>\n<p><strong>Sobre o CESAR<\/strong><br \/>\nO CESAR \u00e9 um centro de inova\u00e7\u00e3o que h\u00e1 25 anos forma pessoas e impulsiona organiza\u00e7\u00f5es, potencializando suas estrat\u00e9gias digitais. Por meio de um time diverso e multidisciplinar de mais de mil colaboradores, desenvolve solu\u00e7\u00f5es com qualidade e impacto para os neg\u00f3cios, articulando talentos e conhecimento nos ecossistemas onde est\u00e1 inserido. Atua ao longo de todo o ciclo de inova\u00e7\u00e3o, desenvolvendo solu\u00e7\u00f5es que apoiam organiza\u00e7\u00f5es em qualquer n\u00edvel de maturidade digital que se encontre.<\/p>\n<p>\nA organiza\u00e7\u00e3o faz parte do Porto Digital &#8211; parque que agrega no Recife mais de 300 empresas dos segmentos de Tecnologia da Informa\u00e7\u00e3o e Comunica\u00e7\u00e3o e Economia Criativa. O CESAR tamb\u00e9m possui regionais em Sorocaba, Curitiba e Manaus, atua\u00e7\u00e3o em S\u00e3o Paulo e Rio de Janeiro, e administra a CESAR School, escola de inova\u00e7\u00e3o criada com a finalidade de capacitar profissionais para as novas demandas de um mercado cada vez mais disruptivo. Al\u00e9m disso, o CESAR tamb\u00e9m atua na acelera\u00e7\u00e3o de novos neg\u00f3cios.<\/p>\n<p>\n<strong>Contato para Imprensa<\/strong><br \/>\nFSB Comunica\u00e7\u00e3o<br \/>\nCarina Morpurgo &#8211; carina.morpurgo@fsb.com.br<\/p>\n<\/div>\n","protected":false},"excerpt":{"rendered":"<p>O CESAR\u00a0foi reconhecido pela primeira vez com o selo Great Place to Work (GPTW). Essa \u00e9 uma importante certifica\u00e7\u00e3o que atesta quando uma empresa possui condi\u00e7\u00f5es de trabalho motivadoras para as suas equipes, promovendo, atrav\u00e9s de uma gest\u00e3o humanizada, um ambiente de bem-estar profissional aos times. \u201cExistimos para transformar gente e seus contextos pela inova\u00e7\u00e3o, [&hellip;]<\/p>\n","protected":false},"author":4,"featured_media":2764,"comment_status":"open","ping_status":"open","sticky":false,"template":"","format":"standard","meta":{"_acf_changed":false,"inline_featured_image":false,"footnotes":""},"categories":[596],"tags":[373],"formato_noticias":[],"class_list":["post-2763","post","type-post","status-publish","format-standard","has-post-thumbnail","hentry","category-inovacao-corporativa","tag-institucional"],"acf":[],"_links":{"self":[{"href":"https:\/\/www.cesar.org.br\/painel\/wp-json\/wp\/v2\/posts\/2763","targetHints":{"allow":["GET"]}}],"collection":[{"href":"https:\/\/www.cesar.org.br\/painel\/wp-json\/wp\/v2\/posts"}],"about":[{"href":"https:\/\/www.cesar.org.br\/painel\/wp-json\/wp\/v2\/types\/post"}],"author":[{"embeddable":true,"href":"https:\/\/www.cesar.org.br\/painel\/wp-json\/wp\/v2\/users\/4"}],"replies":[{"embeddable":true,"href":"https:\/\/www.cesar.org.br\/painel\/wp-json\/wp\/v2\/comments?post=2763"}],"version-history":[{"count":1,"href":"https:\/\/www.cesar.org.br\/painel\/wp-json\/wp\/v2\/posts\/2763\/revisions"}],"predecessor-version":[{"id":2870,"href":"https:\/\/www.cesar.org.br\/painel\/wp-json\/wp\/v2\/posts\/2763\/revisions\/2870"}],"wp:featuredmedia":[{"embeddable":true,"href":"https:\/\/www.cesar.org.br\/painel\/wp-json\/wp\/v2\/media\/2764"}],"wp:attachment":[{"href":"https:\/\/www.cesar.org.br\/painel\/wp-json\/wp\/v2\/media?parent=2763"}],"wp:term":[{"taxonomy":"category","embeddable":true,"href":"https:\/\/www.cesar.org.br\/painel\/wp-json\/wp\/v2\/categories?post=2763"},{"taxonomy":"post_tag","embeddable":true,"href":"https:\/\/www.cesar.org.br\/painel\/wp-json\/wp\/v2\/tags?post=2763"},{"taxonomy":"formato_noticias","embeddable":true,"href":"https:\/\/www.cesar.org.br\/painel\/wp-json\/wp\/v2\/formato_noticias?post=2763"}],"curies":[{"name":"wp","href":"https:\/\/api.w.org\/{rel}","templated":true}]}}