{"id":2742,"date":"2022-06-09T00:00:00","date_gmt":"2022-06-09T00:00:00","guid":{"rendered":"https:\/\/www.cesar.org.br\/painel\/representante-apdm\/"},"modified":"2024-03-26T19:06:32","modified_gmt":"2024-03-26T19:06:32","slug":"representante-apdm","status":"publish","type":"post","link":"https:\/\/www.cesar.org.br\/painel\/representante-apdm\/","title":{"rendered":"CESAR apresenta Jos\u00e9 Henrique Lima como seu novo representante titular no Polo Digital de Manaus"},"content":{"rendered":"<div class=\"\"content-article\"\">\n<p>O CESAR, centro de inova\u00e7\u00e3o que h\u00e1 mais de duas d\u00e9cadas forma pessoas e impulsiona organiza\u00e7\u00f5es, acaba de designar Jos\u00e9 Henrique como seu novo representante titular na Associa\u00e7\u00e3o do Polo Digital de Manaus (APDM). O Centro de Inova\u00e7\u00e3o tem participado ativamente na implementa\u00e7\u00e3o de um polo digital em Manaus, \u00a0com uma linha de pesquisa e desenvolvimento de projetos e com o objetivo de contribuir cada vez com a evolu\u00e7\u00e3o de pol\u00edticas p\u00fablicas no que diz respeito \u00e0 Pesquisa, Desenvolvimento e Inova\u00e7\u00e3o.\u00a0<\/p>\n<p>\u201cAcompanho essa aproxima\u00e7\u00e3o com o Amazonas desde quando criamos o CESAR Norte em 2016 com foco na forma\u00e7\u00e3o de pessoas atrav\u00e9s da nossa unidade educacional: CESAR School e projetos em P&#038;D (Pesquisa e Desenvolvimento). Queremos somar for\u00e7as ao ecossistema de Manaus, pois sabemos da import\u00e2ncia da Zona Franca e de como a regi\u00e3o cresceu economicamente em decorr\u00eancia disso. Sabemos tamb\u00e9m da necessidade de desenvolver novas matrizes econ\u00f4micas e estamos dispostos a contribuir fortemente com a regi\u00e3o, refor\u00e7ando nosso compromisso regional. Estamos trabalhando fortemente para alavancar os parceiros locais, o CESAR e a CESAR School pela regi\u00e3o\u201d, refor\u00e7a Jos\u00e9 Henrique Lima, que \u00e9 Gerente S\u00eanior.<\/p>\n<p>O CESAR tem hoje cerca de 80 pessoas em Manaus, uma equipe que trabalha diariamente com o enfoque de estender a inova\u00e7\u00e3o e educa\u00e7\u00e3o para pessoas, startups e empresas. \u201cTemos o interesse de seguir ajudando a regi\u00e3o a se desenvolver para que cada vez mais o estado do Amazonas saia ganhando\u201d, conclui o respons\u00e1vel pelo CESAR Norte.\u00a0<\/p>\n<p><strong>Sobre o CESAR &#8211;<\/strong> O CESAR \u00e9 um centro de inova\u00e7\u00e3o que h\u00e1 26 anos forma pessoas e impulsiona organiza\u00e7\u00f5es, potencializando suas estrat\u00e9gias digitais. Por meio de um time diverso e multidisciplinar de mais de mil colaboradores, desenvolve solu\u00e7\u00f5es com qualidade e impacto para os neg\u00f3cios, articulando talentos e conhecimento nos ecossistemas onde est\u00e1 inserido. Atua ao longo de todo o ciclo de inova\u00e7\u00e3o, desenvolvendo solu\u00e7\u00f5es que apoiam organiza\u00e7\u00f5es em qualquer n\u00edvel de maturidade digital que se encontre. A organiza\u00e7\u00e3o faz parte do Porto Digital &#8211; parque que agrega no Recife mais de 300 empresas dos segmentos de Tecnologia da Informa\u00e7\u00e3o e Comunica\u00e7\u00e3o e Economia Criativa. O CESAR tamb\u00e9m possui regionais em Sorocaba, Curitiba e Manaus, atua\u00e7\u00e3o em S\u00e3o Paulo e Rio de Janeiro, e administra a CESAR School, escola de inova\u00e7\u00e3o criada com a finalidade de capacitar profissionais para as novas demandas de um mercado cada vez mais disruptivo. Al\u00e9m disso, o CESAR tamb\u00e9m atua na acelera\u00e7\u00e3o de novos neg\u00f3cios.<\/p>\n<p><strong>Contato para Imprensa<br \/>\n<em>FSB Comunica\u00e7\u00e3o<\/em><\/strong><br \/>\nCarina Morpurgo &#8211; carina.morpurgo@fsb.com.br<br \/>\nTatiane Fornari &#8211; tatiane.nelli@fsb.com.br<br \/>\nBruna Roberti &#8211; bruna.roberti@fsb.com.br<br \/>\n\u00a0<\/p>\n<\/div>\n","protected":false},"excerpt":{"rendered":"<p>O CESAR, centro de inova\u00e7\u00e3o que h\u00e1 mais de duas d\u00e9cadas forma pessoas e impulsiona organiza\u00e7\u00f5es, acaba de designar Jos\u00e9 Henrique como seu novo representante titular na Associa\u00e7\u00e3o do Polo Digital de Manaus (APDM). O Centro de Inova\u00e7\u00e3o tem participado ativamente na implementa\u00e7\u00e3o de um polo digital em Manaus, \u00a0com uma linha de pesquisa e [&hellip;]<\/p>\n","protected":false},"author":4,"featured_media":2743,"comment_status":"open","ping_status":"open","sticky":false,"template":"","format":"standard","meta":{"_acf_changed":false,"inline_featured_image":false,"footnotes":""},"categories":[5],"tags":[],"formato_noticias":[],"class_list":["post-2742","post","type-post","status-publish","format-standard","has-post-thumbnail","hentry","category-tecnologia"],"acf":[],"_links":{"self":[{"href":"https:\/\/www.cesar.org.br\/painel\/wp-json\/wp\/v2\/posts\/2742","targetHints":{"allow":["GET"]}}],"collection":[{"href":"https:\/\/www.cesar.org.br\/painel\/wp-json\/wp\/v2\/posts"}],"about":[{"href":"https:\/\/www.cesar.org.br\/painel\/wp-json\/wp\/v2\/types\/post"}],"author":[{"embeddable":true,"href":"https:\/\/www.cesar.org.br\/painel\/wp-json\/wp\/v2\/users\/4"}],"replies":[{"embeddable":true,"href":"https:\/\/www.cesar.org.br\/painel\/wp-json\/wp\/v2\/comments?post=2742"}],"version-history":[{"count":1,"href":"https:\/\/www.cesar.org.br\/painel\/wp-json\/wp\/v2\/posts\/2742\/revisions"}],"predecessor-version":[{"id":2859,"href":"https:\/\/www.cesar.org.br\/painel\/wp-json\/wp\/v2\/posts\/2742\/revisions\/2859"}],"wp:featuredmedia":[{"embeddable":true,"href":"https:\/\/www.cesar.org.br\/painel\/wp-json\/wp\/v2\/media\/2743"}],"wp:attachment":[{"href":"https:\/\/www.cesar.org.br\/painel\/wp-json\/wp\/v2\/media?parent=2742"}],"wp:term":[{"taxonomy":"category","embeddable":true,"href":"https:\/\/www.cesar.org.br\/painel\/wp-json\/wp\/v2\/categories?post=2742"},{"taxonomy":"post_tag","embeddable":true,"href":"https:\/\/www.cesar.org.br\/painel\/wp-json\/wp\/v2\/tags?post=2742"},{"taxonomy":"formato_noticias","embeddable":true,"href":"https:\/\/www.cesar.org.br\/painel\/wp-json\/wp\/v2\/formato_noticias?post=2742"}],"curies":[{"name":"wp","href":"https:\/\/api.w.org\/{rel}","templated":true}]}}